{"id":2809,"date":"2010-02-25T17:34:39","date_gmt":"2010-02-25T17:34:39","guid":{"rendered":"http:\/\/www.bv-guimaraes.org\/site\/?p=2809"},"modified":"2010-02-25T17:54:49","modified_gmt":"2010-02-25T17:54:49","slug":"mau-tempo-mas-sem-grandes-estragos","status":"publish","type":"post","link":"https:\/\/www.bv-guimaraes.org\/site\/mau-tempo-mas-sem-grandes-estragos\/","title":{"rendered":"Mau tempo, mas sem grandes estragos"},"content":{"rendered":"<p style=\"text-align: justify;\"><a href=\"http:\/\/www.bv-guimaraes.org\/site\/wp-content\/uploads\/queda-\u00e1rvore.jpg\" data-rel=\"lightbox-gallery-07brRJjm\" data-rl_title=\"\" data-rl_caption=\"\"><img loading=\"lazy\" decoding=\"async\" class=\"alignleft size-full wp-image-2810\" title=\"\" src=\"http:\/\/www.bv-guimaraes.org\/site\/wp-content\/uploads\/queda-\u00e1rvore.jpg\" alt=\"\" width=\"211\" height=\"202\" \/><\/a>As <strong>condi\u00e7\u00f5es atmosf\u00e9ricas adversas<\/strong> que fizeram-se sentir durante a tarde e noite de quarta-feira provocaram a queda de v\u00e1rias \u00e1rvores, em diferentes pontos do concelho de Guimar\u00e3es.<br \/>\nO caso mais grave foi registado na Circular Urbana, na zona de <strong>Creixomil<\/strong>, onde uma \u00e1rvore tombou sobre dois autom\u00f3veis, que circulavam na faixa de rodagem na altura da queda, causando apenas danos materiais. O alerta chegou ao quartel pelas 15:05, tendo sido mobilizado para o local uma viatura (VSAT 01) e dois bombeiros, contando ainda com o apoio da PSP que cortou uma das faixas de rodagem.<\/p>\n<p style=\"text-align: justify;\">Mais tarde, pelas 16:29 horas, fomos solicitados para a Rua dos Cutileiros, freguesia de Creixomil, para proceder ao corte de tr\u00eas \u00e1rvores que se encontravam em risco de queda iminente na via p\u00fablica. Foram destacados para esta ocorr\u00eancia tr\u00eas viaturas (VSAT 01, VE03 01 e VCOT 02) e cinco bombeiros. No local esteve ainda presente a Protec\u00e7\u00e3o Civil, PSP, Pol\u00edcia Municipal e um tractor da C\u00e2mara Municipal de Guimar\u00e3es, que efectuou a remo\u00e7\u00e3o das \u00e1rvores.<\/p>\n<p style=\"text-align: justify;\">Ainda durante a tarde de quarta-feira, fomos chamados a remover mais duas \u00e1rvores. O primeiro caso registou-se pelas 14:05 em Pa\u00e7\u00f4 a Vieira, freguesia de <strong>Mes\u00e3o Frio<\/strong> e o segundo caso, pelas 14:40 horas no Bairro Pimenta Machado, freguesia de <strong>Azur\u00e9m<\/strong>. Para cada uma das ocorr\u00eancias foram accionadas uma viatura e dois bombeiros.<\/p>\n<p style=\"text-align: justify;\"><strong>Durante a madrugada<\/strong><\/p>\n<p style=\"text-align: justify;\">Ainda durante a madrugada desta quinta-feira, fomos accionados para tr\u00eas ocorr\u00eancias provocadas pelo mau tempo.<br \/>\nO primeiro caso ocorreu na Rua da Ponte, freguesia da <strong>Costa<\/strong>, onde uma pequena inunda\u00e7\u00e3o numa habita\u00e7\u00e3o, mobilizou dois homens e uma viatura.<\/p>\n<p style=\"text-align: justify;\">Mais tarde, pelas 06:37, fomos accionados para a auto-estrada A7, na zona de <strong>Candoso S. Martinho<\/strong>, para uma lavagem do piso ap\u00f3s a queda de uma \u00e1rvore e cujos os canos partidos faziam aumentar a perigosidade da via.<\/p>\n<p style=\"text-align: justify;\">Pouco depois, pelas 06:44 horas, fomos accionados a proceder ao corte e remo\u00e7\u00e3o de uma \u00e1rvore, que tombou na faixa de rodagem da Circular Urbana, na zona de Azur\u00e9m, devido ao vento forte que se fez sentir durante a madrugada.<\/p>\n","protected":false},"excerpt":{"rendered":"<p>As condi\u00e7\u00f5es atmosf\u00e9ricas adversas que fizeram-se sentir durante a tarde e noite de quarta-feira provocaram a queda de v\u00e1rias \u00e1rvores, em diferentes pontos do concelho de Guimar\u00e3es. O caso mais grave foi registado na Circular Urbana, na zona de Creixomil,<\/p>\n","protected":false},"author":5,"featured_media":0,"comment_status":"open","ping_status":"closed","sticky":false,"template":"","format":"standard","meta":{"ngg_post_thumbnail":0,"footnotes":""},"categories":[4],"tags":[40,18,92,102,227,225,226],"class_list":["post-2809","post","type-post","status-publish","format-standard","hentry","category-noticias-gerais","tag-azurem","tag-bombeiros-voluntarios-de-guimaraes","tag-circular-urbana","tag-creixomil","tag-inundacao","tag-mau-tempo","tag-queda-de-arvore"],"_links":{"self":[{"href":"https:\/\/www.bv-guimaraes.org\/site\/wp-json\/wp\/v2\/posts\/2809","targetHints":{"allow":["GET"]}}],"collection":[{"href":"https:\/\/www.bv-guimaraes.org\/site\/wp-json\/wp\/v2\/posts"}],"about":[{"href":"https:\/\/www.bv-guimaraes.org\/site\/wp-json\/wp\/v2\/types\/post"}],"author":[{"embeddable":true,"href":"https:\/\/www.bv-guimaraes.org\/site\/wp-json\/wp\/v2\/users\/5"}],"replies":[{"embeddable":true,"href":"https:\/\/www.bv-guimaraes.org\/site\/wp-json\/wp\/v2\/comments?post=2809"}],"version-history":[{"count":7,"href":"https:\/\/www.bv-guimaraes.org\/site\/wp-json\/wp\/v2\/posts\/2809\/revisions"}],"predecessor-version":[{"id":2823,"href":"https:\/\/www.bv-guimaraes.org\/site\/wp-json\/wp\/v2\/posts\/2809\/revisions\/2823"}],"wp:attachment":[{"href":"https:\/\/www.bv-guimaraes.org\/site\/wp-json\/wp\/v2\/media?parent=2809"}],"wp:term":[{"taxonomy":"category","embeddable":true,"href":"https:\/\/www.bv-guimaraes.org\/site\/wp-json\/wp\/v2\/categories?post=2809"},{"taxonomy":"post_tag","embeddable":true,"href":"https:\/\/www.bv-guimaraes.org\/site\/wp-json\/wp\/v2\/tags?post=2809"}],"curies":[{"name":"wp","href":"https:\/\/api.w.org\/{rel}","templated":true}]}}