{"id":3322,"date":"2010-04-16T09:03:03","date_gmt":"2010-04-16T09:03:03","guid":{"rendered":"http:\/\/www.bv-guimaraes.org\/site\/?p=3322"},"modified":"2010-04-16T09:51:53","modified_gmt":"2010-04-16T09:51:53","slug":"tres-incendios-em-poucas-horas","status":"publish","type":"post","link":"https:\/\/www.bv-guimaraes.org\/site\/tres-incendios-em-poucas-horas\/","title":{"rendered":"Tr\u00eas inc\u00eandios em poucas horas"},"content":{"rendered":"<p style=\"text-align: justify;\"><a href=\"http:\/\/www.bv-guimaraes.org\/site\/wp-content\/uploads\/incendio-23.jpg\" data-rel=\"lightbox-gallery-MpewwpBy\" data-rl_title=\"\" data-rl_caption=\"\"><img loading=\"lazy\" decoding=\"async\" class=\"alignleft size-full wp-image-873\" title=\"\" src=\"http:\/\/www.bv-guimaraes.org\/site\/wp-content\/uploads\/incendio-23.jpg\" alt=\"\" width=\"216\" height=\"165\" \/><\/a>Tr\u00eas inc\u00eandios deflagraram na tarde do passado dia 13, na nossa \u00e1rea de actua\u00e7\u00e3o.<br \/>\nO primeiro alerta, foi dado \u00e0s 14:30 pelo Comando Distrital de Opera\u00e7\u00f5es de Socorro de Braga, para um inc\u00eandio num <strong>cami\u00e3o semi-reboque<\/strong> que circulava na auto-estrada A7, ao km 44,450, sentido Guimar\u00e3es\/Fafe.<br \/>\nPara o local foi enviado duas viaturas de inc\u00eandio (VUCI 01 e VECI 03) e nove bombeiros, tendo rapidamente extinguido o foco de <strong>inc\u00eandio<\/strong> que se tinha iniciado nos <strong>pneus<\/strong> traseiros da galera. As opera\u00e7\u00f5es de combate ao inc\u00eandio e rescaldo terminaram por volta das 15:50.<br \/>\nPelas 15:30 foi-nos dado um novo alerta, para um inc\u00eandio num anexo de uma<strong> habita\u00e7\u00e3o<\/strong>, na Rua Rodrigo Meneses, freguesia de <strong>Brito<\/strong>. Imediatamente foi enviado uma viatura de inc\u00eandio (VECI 01) com quatro bombeiros, tendo posteriormente recebido apoio de uma segunda viatura, embora n\u00e3o chegasse actuar. As opera\u00e7\u00f5es de combate ao inc\u00eandio e rescaldo terminaram por volta das 16:53.<br \/>\nAinda a meio da tarde, pelas 16:53, foi dado um novo alerta de inc\u00eandio, desta vez<strong> florestal<\/strong> na freguesia de <strong>Selho, S. Jorge<\/strong>. Para o local foi enviado duas viaturas de inc\u00eandio (VECI 01 e VRCI 02) com sete bombeiros. Tendo os trabalhos de combate ao inc\u00eandio terminado por volta das 18:50.<\/p>\n","protected":false},"excerpt":{"rendered":"<p>Tr\u00eas inc\u00eandios deflagraram na tarde do passado dia 13, na nossa \u00e1rea de actua\u00e7\u00e3o. O primeiro alerta, foi dado \u00e0s 14:30 pelo Comando Distrital de Opera\u00e7\u00f5es de Socorro de Braga, para um inc\u00eandio num cami\u00e3o semi-reboque que circulava na auto-estrada<\/p>\n","protected":false},"author":5,"featured_media":0,"comment_status":"open","ping_status":"closed","sticky":false,"template":"","format":"standard","meta":{"ngg_post_thumbnail":0,"footnotes":""},"categories":[4],"tags":[55,267,18,132,53,52],"class_list":["post-3322","post","type-post","status-publish","format-standard","hentry","category-noticias-gerais","tag-a7","tag-auto-estada","tag-bombeiros-voluntarios-de-guimaraes","tag-brito","tag-habitacao","tag-s-jorge-de-selho"],"_links":{"self":[{"href":"https:\/\/www.bv-guimaraes.org\/site\/wp-json\/wp\/v2\/posts\/3322","targetHints":{"allow":["GET"]}}],"collection":[{"href":"https:\/\/www.bv-guimaraes.org\/site\/wp-json\/wp\/v2\/posts"}],"about":[{"href":"https:\/\/www.bv-guimaraes.org\/site\/wp-json\/wp\/v2\/types\/post"}],"author":[{"embeddable":true,"href":"https:\/\/www.bv-guimaraes.org\/site\/wp-json\/wp\/v2\/users\/5"}],"replies":[{"embeddable":true,"href":"https:\/\/www.bv-guimaraes.org\/site\/wp-json\/wp\/v2\/comments?post=3322"}],"version-history":[{"count":6,"href":"https:\/\/www.bv-guimaraes.org\/site\/wp-json\/wp\/v2\/posts\/3322\/revisions"}],"predecessor-version":[{"id":3327,"href":"https:\/\/www.bv-guimaraes.org\/site\/wp-json\/wp\/v2\/posts\/3322\/revisions\/3327"}],"wp:attachment":[{"href":"https:\/\/www.bv-guimaraes.org\/site\/wp-json\/wp\/v2\/media?parent=3322"}],"wp:term":[{"taxonomy":"category","embeddable":true,"href":"https:\/\/www.bv-guimaraes.org\/site\/wp-json\/wp\/v2\/categories?post=3322"},{"taxonomy":"post_tag","embeddable":true,"href":"https:\/\/www.bv-guimaraes.org\/site\/wp-json\/wp\/v2\/tags?post=3322"}],"curies":[{"name":"wp","href":"https:\/\/api.w.org\/{rel}","templated":true}]}}