{"id":3536,"date":"2010-06-13T21:59:08","date_gmt":"2010-06-13T21:59:08","guid":{"rendered":"http:\/\/www.bv-guimaraes.org\/site\/?p=3536"},"modified":"2010-06-13T21:59:08","modified_gmt":"2010-06-13T21:59:08","slug":"incendio-numa-habitacao-3","status":"publish","type":"post","link":"https:\/\/www.bv-guimaraes.org\/site\/incendio-numa-habitacao-3\/","title":{"rendered":"Inc\u00eandio numa habita\u00e7\u00e3o"},"content":{"rendered":"<p style=\"text-align: justify;\"><a href=\"http:\/\/www.bv-guimaraes.org\/site\/wp-content\/uploads\/incendio-urbano.jpg\" data-rel=\"lightbox-gallery-YlxyKOyw\" data-rl_title=\"\" data-rl_caption=\"\"><img loading=\"lazy\" decoding=\"async\" class=\"alignleft size-full wp-image-934\" title=\"\" src=\"http:\/\/www.bv-guimaraes.org\/site\/wp-content\/uploads\/incendio-urbano.jpg\" alt=\"\" width=\"180\" height=\"180\" srcset=\"https:\/\/www.bv-guimaraes.org\/site\/wp-content\/uploads\/incendio-urbano.jpg 180w, https:\/\/www.bv-guimaraes.org\/site\/wp-content\/uploads\/incendio-urbano-150x150.jpg 150w\" sizes=\"auto, (max-width: 180px) 100vw, 180px\" \/><\/a>Hoje, pelas 12:55 recebemos um alerta de <strong>inc\u00eandio<\/strong> numa habita\u00e7\u00e3o, Avenida Rio de Janeiro, freguesia de <strong>Mes\u00e3o Frio<\/strong>.<br \/>\nDe imediato foi accionada uma viatura de inc\u00eandio (VUCI 01) com seis homens, tendo ap\u00f3s a chegada ao local verificado que o inc\u00eandio concentrava-se apenas num dos quartos da habita\u00e7\u00e3o. Foi necess\u00e1rio ainda proceder ao envio de uma ambul\u00e2ncia com dois homens, j\u00e1 que o propriet\u00e1rio sofreu queimaduras nos membros superiores e face, ap\u00f3s tentar apagar as chamas. De imediato come\u00e7amos a extin\u00e7\u00e3o do inc\u00eandio e ao transporte da <strong>v\u00edtima<\/strong> para o Centro Hospitalar do Alto Ave (Unidade de Guimar\u00e3es).<br \/>\nO inc\u00eandio destruiu por completo um quarto da habita\u00e7\u00e3o, tendo as restantes divis\u00f5es da habita\u00e7\u00e3o sido tamb\u00e9m danificadas pelo fumo e calor.<br \/>\nAs opera\u00e7\u00f5es de combate ao inc\u00eandio e rescaldo terminaram por volta das 14:35.<\/p>\n","protected":false},"excerpt":{"rendered":"<p>Hoje, pelas 12:55 recebemos um alerta de inc\u00eandio numa habita\u00e7\u00e3o, Avenida Rio de Janeiro, freguesia de Mes\u00e3o Frio. De imediato foi accionada uma viatura de inc\u00eandio (VUCI 01) com seis homens, tendo ap\u00f3s a chegada ao local verificado que o<\/p>\n","protected":false},"author":5,"featured_media":0,"comment_status":"open","ping_status":"closed","sticky":false,"template":"","format":"standard","meta":{"ngg_post_thumbnail":0,"footnotes":""},"categories":[4],"tags":[18,53,22,86],"class_list":["post-3536","post","type-post","status-publish","format-standard","hentry","category-noticias-gerais","tag-bombeiros-voluntarios-de-guimaraes","tag-habitacao","tag-incendio-urbano","tag-mesao-frio"],"_links":{"self":[{"href":"https:\/\/www.bv-guimaraes.org\/site\/wp-json\/wp\/v2\/posts\/3536","targetHints":{"allow":["GET"]}}],"collection":[{"href":"https:\/\/www.bv-guimaraes.org\/site\/wp-json\/wp\/v2\/posts"}],"about":[{"href":"https:\/\/www.bv-guimaraes.org\/site\/wp-json\/wp\/v2\/types\/post"}],"author":[{"embeddable":true,"href":"https:\/\/www.bv-guimaraes.org\/site\/wp-json\/wp\/v2\/users\/5"}],"replies":[{"embeddable":true,"href":"https:\/\/www.bv-guimaraes.org\/site\/wp-json\/wp\/v2\/comments?post=3536"}],"version-history":[{"count":2,"href":"https:\/\/www.bv-guimaraes.org\/site\/wp-json\/wp\/v2\/posts\/3536\/revisions"}],"predecessor-version":[{"id":3538,"href":"https:\/\/www.bv-guimaraes.org\/site\/wp-json\/wp\/v2\/posts\/3536\/revisions\/3538"}],"wp:attachment":[{"href":"https:\/\/www.bv-guimaraes.org\/site\/wp-json\/wp\/v2\/media?parent=3536"}],"wp:term":[{"taxonomy":"category","embeddable":true,"href":"https:\/\/www.bv-guimaraes.org\/site\/wp-json\/wp\/v2\/categories?post=3536"},{"taxonomy":"post_tag","embeddable":true,"href":"https:\/\/www.bv-guimaraes.org\/site\/wp-json\/wp\/v2\/tags?post=3536"}],"curies":[{"name":"wp","href":"https:\/\/api.w.org\/{rel}","templated":true}]}}