{"id":3539,"date":"2010-06-17T10:32:47","date_gmt":"2010-06-17T10:32:47","guid":{"rendered":"http:\/\/www.bv-guimaraes.org\/site\/?p=3539"},"modified":"2016-11-17T09:15:57","modified_gmt":"2016-11-17T09:15:57","slug":"4%c2%ba-curso-de-bombeirinhos","status":"publish","type":"post","link":"https:\/\/www.bv-guimaraes.org\/site\/4%c2%ba-curso-de-bombeirinhos\/","title":{"rendered":"4\u00ba Curso de Bombeirinhos"},"content":{"rendered":"<p style=\"text-align: justify;\"><a href=\"http:\/\/www.bv-guimaraes.org\/site\/wp-content\/uploads\/juve_big_p3.jpg\" data-rel=\"lightbox-gallery-MN7Khzxw\" data-rl_title=\"\" data-rl_caption=\"\"><img loading=\"lazy\" decoding=\"async\" class=\"alignleft size-full wp-image-1138\" title=\"\" src=\"http:\/\/www.bv-guimaraes.org\/site\/wp-content\/uploads\/juve_big_p3.jpg\" alt=\"\" width=\"123\" height=\"130\" \/><\/a>A Juvebombeiro deste Corpo de Bombeiros vai realizar o <strong>\u201c4\u00ba Curso de Bombeirinhos\u201d<\/strong>, que ser\u00e1 um conv\u00edvio pedag\u00f3gico a realizar no pr\u00f3ximo dia <strong>03 de Julho de 2010<\/strong> (s\u00e1bado), entre crian\u00e7as, essas, filhos (as) de bombeiros (as) e civis pertencentes ao nosso concelho, proporcionar-lhes a oportunidade de conhecerem mais de perto o modo de actua\u00e7\u00e3o dos bombeiros, bem como os princ\u00edpios que as orientam e as causas porque lutam.<\/p>\n<p style=\"text-align: justify;\">Para tal, convida-se todas as crian\u00e7as com idades compreendidas entre os <strong>8 a 10 anos de idade<\/strong> interessadas em participar neste conv\u00edvio, deve, os seus pais\u00a0 inscreverem as referidas crian\u00e7as na secretaria do comando at\u00e9 ao <strong>dia 25 de Junho de 2010<\/strong>.<br \/>\nSe informa que o n.\u00ba limite de crian\u00e7as \u00e9 de 20 (vinte).<\/p>\n<table border=\"0\">\n<tbody>\n<tr>\n<th colspan=\"3\" align=\"center\">4\u00ba CURSO DE BOMBEIRINHOS<\/th>\n<\/tr>\n<tr>\n<th colspan=\"3\" align=\"center\">Programa<\/th>\n<\/tr>\n<tr>\n<th style=\"text-align: left;\">09:00<\/th>\n<th style=\"text-align: left;\"><\/th>\n<td style=\"text-align: left;\">Recep\u00e7\u00e3o dos participantes no Quartel dos B.V. Guimar\u00e3es. Apresenta\u00e7\u00e3o dos elementos (crian\u00e7as e monitores)<\/td>\n<\/tr>\n<tr>\n<th style=\"text-align: left;\">10:00<\/th>\n<th style=\"text-align: left;\"><\/th>\n<td style=\"text-align: left;\">Ordem unida<\/td>\n<\/tr>\n<tr>\n<th style=\"text-align: left;\">10:40<\/th>\n<th style=\"text-align: left;\"><\/th>\n<td style=\"text-align: left;\">Intervalo \u2013 Snack<\/td>\n<\/tr>\n<tr>\n<th style=\"text-align: left;\">11:00<\/th>\n<th style=\"text-align: left;\"><\/th>\n<td style=\"text-align: left;\">Obstru\u00e7\u00e3o da via a\u00e9rea<\/td>\n<\/tr>\n<tr>\n<th style=\"text-align: left;\"><\/th>\n<th style=\"text-align: left;\"><\/th>\n<td style=\"text-align: left;\">Controlo de hemorragias<\/td>\n<\/tr>\n<tr>\n<th style=\"text-align: left;\"><\/th>\n<th style=\"text-align: left;\"><\/th>\n<td style=\"text-align: left;\">Queimaduras<\/td>\n<\/tr>\n<tr>\n<th style=\"text-align: left;\"><\/th>\n<th style=\"text-align: left;\"><\/th>\n<td style=\"text-align: left;\">PLS (Posi\u00e7\u00e3o Lateral de Seguran\u00e7a<\/td>\n<\/tr>\n<tr>\n<th style=\"text-align: left;\"><\/th>\n<th style=\"text-align: left;\"><\/th>\n<td style=\"text-align: left;\">Imobiliza\u00e7\u00e3o de membros<\/td>\n<\/tr>\n<tr>\n<th style=\"text-align: left;\"><\/th>\n<th style=\"text-align: left;\"><\/th>\n<td style=\"text-align: left;\">A Ambul\u00e2ncia<\/td>\n<\/tr>\n<tr>\n<th style=\"text-align: left;\"><\/th>\n<th style=\"text-align: left;\"><\/th>\n<td style=\"text-align: left;\">Breves no\u00e7\u00f5es de Salvamento em Grande \u00c2ngulo<\/td>\n<\/tr>\n<tr>\n<th style=\"text-align: left;\"><\/th>\n<td style=\"text-align: left;\"><\/td>\n<th style=\"text-align: left;\"><\/th>\n<\/tr>\n<tr>\n<th style=\"text-align: left;\"><\/th>\n<th style=\"text-align: left;\"><\/th>\n<th style=\"text-align: left;\">Nota: Os participantes ser\u00e3o divididos em dois grupos, pelo que estes temas ser\u00e3o abordados em simult\u00e2neo. A segunda s\u00e9rie decorrer\u00e1 da parte da tarde.<\/th>\n<\/tr>\n<tr>\n<th style=\"text-align: left;\"><\/th>\n<td style=\"text-align: left;\"><\/td>\n<th style=\"text-align: left;\"><\/th>\n<\/tr>\n<tr>\n<th style=\"text-align: left;\">12:00<\/th>\n<th style=\"text-align: left;\"><\/th>\n<td style=\"text-align: left;\">Almo\u00e7o (MacDonald\u00b4s)<\/td>\n<\/tr>\n<tr>\n<th style=\"text-align: left;\">14:00<\/th>\n<th style=\"text-align: left;\"><\/th>\n<td style=\"text-align: left;\">Continua\u00e7\u00e3o dos temas anteriores (troca de grupos)<\/td>\n<\/tr>\n<tr>\n<th style=\"text-align: left;\">15:00<\/th>\n<th style=\"text-align: left;\"><\/th>\n<td style=\"text-align: left;\">Combate a inc\u00eandios florestais<\/td>\n<\/tr>\n<tr>\n<th style=\"text-align: left;\">16:00<\/th>\n<th style=\"text-align: left;\"><\/th>\n<td style=\"text-align: left;\">Intervalo &#8211; Lanche<\/td>\n<\/tr>\n<tr>\n<th style=\"text-align: left;\">17:00<\/th>\n<th style=\"text-align: left;\"><\/th>\n<td style=\"text-align: left;\">Simulacro &#8211; Inc\u00eandio Urbano<\/td>\n<\/tr>\n<tr>\n<th style=\"text-align: left;\"><\/th>\n<td style=\"text-align: left;\"><\/td>\n<th style=\"text-align: left;\"><\/th>\n<\/tr>\n<tr>\n<th colspan=\"3\" align=\"center\"><img loading=\"lazy\" decoding=\"async\" class=\"aligncenter size-full wp-image-3572\" title=\"patroc\u00ednios\" src=\"http:\/\/www.bv-guimaraes.org\/site\/wp-content\/uploads\/patroc\u00ednios.jpg\" alt=\"\" width=\"590\" height=\"93\" srcset=\"https:\/\/www.bv-guimaraes.org\/site\/wp-content\/uploads\/patroc\u00ednios.jpg 599w, https:\/\/www.bv-guimaraes.org\/site\/wp-content\/uploads\/patroc\u00ednios-300x46.jpg 300w\" sizes=\"auto, (max-width: 590px) 100vw, 590px\" \/><\/th>\n<\/tr>\n<tr>\n<th colspan=\"3\" align=\"center\"><a href=\"http:\/\/www.bv-guimaraes.org\/site\/wp-content\/uploads\/patroc\u00ednios.jpg\" data-rel=\"lightbox-gallery-MN7Khzxw\" data-rl_title=\"\" data-rl_caption=\"\" title=\"\"><\/a><\/th>\n<\/tr>\n<tr>\n<th colspan=\"3\" align=\"center\"><\/th>\n<\/tr>\n<tr>\n<th colspan=\"3\" align=\"center\">3\u00ba Curso de Bombeirinhos realizado em 2009<\/th>\n<\/tr>\n<\/tbody>\n<\/table>\n<p><a href=\"http:\/\/www.bv-guimaraes.org\/site\/wp-content\/uploads\/1-bombeirinhos.jpg\" data-rel=\"lightbox-gallery-MN7Khzxw\" data-rl_title=\"\" data-rl_caption=\"\"><img loading=\"lazy\" decoding=\"async\" class=\"aligncenter size-full wp-image-3547\" title=\"\" src=\"http:\/\/www.bv-guimaraes.org\/site\/wp-content\/uploads\/1-bombeirinhos.jpg\" alt=\"\" width=\"590\" height=\"400\" \/><\/a><\/p>\n<p><a href=\"http:\/\/www.bv-guimaraes.org\/site\/wp-content\/uploads\/2-bombeirinhos.jpg\" data-rel=\"lightbox-gallery-MN7Khzxw\" data-rl_title=\"\" data-rl_caption=\"\"><img loading=\"lazy\" decoding=\"async\" class=\"aligncenter size-full wp-image-3549\" title=\"\" src=\"http:\/\/www.bv-guimaraes.org\/site\/wp-content\/uploads\/2-bombeirinhos.jpg\" alt=\"\" width=\"590\" height=\"400\" \/><\/a><\/p>\n<p><a href=\"http:\/\/www.bv-guimaraes.org\/site\/wp-content\/uploads\/3-bombeirinhos.jpg\" data-rel=\"lightbox-gallery-MN7Khzxw\" data-rl_title=\"\" data-rl_caption=\"\"><img loading=\"lazy\" decoding=\"async\" class=\"aligncenter size-full wp-image-3551\" title=\"\" src=\"http:\/\/www.bv-guimaraes.org\/site\/wp-content\/uploads\/3-bombeirinhos.jpg\" alt=\"\" width=\"590\" height=\"400\" \/><\/a><\/p>\n<p><a href=\"http:\/\/www.bv-guimaraes.org\/site\/wp-content\/uploads\/4-bombeirinhos.jpg\" data-rel=\"lightbox-gallery-MN7Khzxw\" data-rl_title=\"\" data-rl_caption=\"\"><img loading=\"lazy\" decoding=\"async\" class=\"aligncenter size-full wp-image-3554\" title=\"\" src=\"http:\/\/www.bv-guimaraes.org\/site\/wp-content\/uploads\/4-bombeirinhos.jpg\" alt=\"\" width=\"590\" height=\"400\" \/><\/a><a href=\"http:\/\/www.bv-guimaraes.org\/site\/wp-content\/uploads\/5-bombeirinhos.jpg\" data-rel=\"lightbox-gallery-MN7Khzxw\" data-rl_title=\"\" data-rl_caption=\"\" title=\"\"><\/a><\/p>\n","protected":false},"excerpt":{"rendered":"<p>A Juvebombeiro deste Corpo de Bombeiros vai realizar o \u201c4\u00ba Curso de Bombeirinhos\u201d, que ser\u00e1 um conv\u00edvio pedag\u00f3gico a realizar no pr\u00f3ximo dia 03 de Julho de 2010 (s\u00e1bado), entre crian\u00e7as, essas, filhos (as) de bombeiros (as) e civis pertencentes<\/p>\n","protected":false},"author":5,"featured_media":0,"comment_status":"open","ping_status":"closed","sticky":false,"template":"","format":"standard","meta":{"ngg_post_thumbnail":0,"footnotes":""},"categories":[3],"tags":[93,18,62,295,64],"class_list":["post-3539","post","type-post","status-publish","format-standard","hentry","category-noticias-quartel","tag-bombeirinhos","tag-bombeiros-voluntarios-de-guimaraes","tag-convivio","tag-curso","tag-juvebombeiro"],"_links":{"self":[{"href":"https:\/\/www.bv-guimaraes.org\/site\/wp-json\/wp\/v2\/posts\/3539","targetHints":{"allow":["GET"]}}],"collection":[{"href":"https:\/\/www.bv-guimaraes.org\/site\/wp-json\/wp\/v2\/posts"}],"about":[{"href":"https:\/\/www.bv-guimaraes.org\/site\/wp-json\/wp\/v2\/types\/post"}],"author":[{"embeddable":true,"href":"https:\/\/www.bv-guimaraes.org\/site\/wp-json\/wp\/v2\/users\/5"}],"replies":[{"embeddable":true,"href":"https:\/\/www.bv-guimaraes.org\/site\/wp-json\/wp\/v2\/comments?post=3539"}],"version-history":[{"count":23,"href":"https:\/\/www.bv-guimaraes.org\/site\/wp-json\/wp\/v2\/posts\/3539\/revisions"}],"predecessor-version":[{"id":7450,"href":"https:\/\/www.bv-guimaraes.org\/site\/wp-json\/wp\/v2\/posts\/3539\/revisions\/7450"}],"wp:attachment":[{"href":"https:\/\/www.bv-guimaraes.org\/site\/wp-json\/wp\/v2\/media?parent=3539"}],"wp:term":[{"taxonomy":"category","embeddable":true,"href":"https:\/\/www.bv-guimaraes.org\/site\/wp-json\/wp\/v2\/categories?post=3539"},{"taxonomy":"post_tag","embeddable":true,"href":"https:\/\/www.bv-guimaraes.org\/site\/wp-json\/wp\/v2\/tags?post=3539"}],"curies":[{"name":"wp","href":"https:\/\/api.w.org\/{rel}","templated":true}]}}