{"id":3577,"date":"2010-06-30T14:13:56","date_gmt":"2010-06-30T14:13:56","guid":{"rendered":"http:\/\/www.bv-guimaraes.org\/site\/?p=3577"},"modified":"2010-06-30T14:13:56","modified_gmt":"2010-06-30T14:13:56","slug":"acta-n-%c2%ba-12010-do-concurso-externo-n-%c2%ba-12010","status":"publish","type":"post","link":"https:\/\/www.bv-guimaraes.org\/site\/acta-n-%c2%ba-12010-do-concurso-externo-n-%c2%ba-12010\/","title":{"rendered":"Acta n.\u00ba 1\/2010 do concurso externo n.\u00ba 1\/2010"},"content":{"rendered":"<p style=\"text-align: justify;\">Aos vinte e oito dias do m\u00eas de Junho do ano dois mil e dez reuniu, na sede da Associa\u00e7\u00e3o Humanit\u00e1ria dos Bombeiros Volunt\u00e1rios de Guimar\u00e3es, pelas dezanove horas, o j\u00fari do concurso n.\u00ba 1\/2010, para aprecia\u00e7\u00e3o das propostas submetidas a concurso.<br \/>\nNa reuni\u00e3o estiveram presentes, Rute da Costa Ara\u00fajo, Secret\u00e1ria da Direc\u00e7\u00e3o, que presidiu o J\u00fari em substitui\u00e7\u00e3o do Presidente &#8211; Lu\u00eds M\u00e1rio Pereira Novais de Oliveira, Presidente da Direc\u00e7\u00e3o; Bento Rodrigues Marques, Comandante; e Alberto Jos\u00e9 da Silva Matos Andrade, Adjunto do Comando.<br \/>\nO Presidente do J\u00fari deu in\u00edcio aos trabalhos, procedendo \u00e0 abertura das candiaturas submetidas a concurso, as quais se enumera a seguir:<\/p>\n<p style=\"text-align: justify;\">&#8211; Andr\u00e9 Manuel de Carvalho Fernandes;<br \/>\n&#8211; Carlos Miguel Barreira dos Santos;<br \/>\n&#8211; Cristiana Maria Ribeiro da Cunha;<br \/>\n&#8211; Igor Ant\u00f3nio Carvalho Gon\u00e7alves.<\/p>\n<p style=\"text-align: justify;\">Analisadas as v\u00e1rias propostas de candidatura foram admitidas com reservas as apresentadas por:<\/p>\n<p style=\"text-align: justify;\">&#8211; Andr\u00e9 Manuel de Carvalho Fernandes;<br \/>\n&#8211; Cristiana Maria Ribeiro da Cunha;<br \/>\n&#8211; Igor Ant\u00f3nio Carvalho Gon\u00e7alves.<\/p>\n<p style=\"text-align: justify;\">Estes candidatos devem obrigatoriamente apresentar \u00e0 data da entrevista os seguintes documentos:<\/p>\n<p style=\"text-align: justify;\">&#8211; Registo Criminal (com data igual ou superior \u00e0 da publica\u00e7\u00e3o do presente concurso) (al\u00ednea d);<br \/>\n&#8211; Atestado de Robustez F\u00edsica e Ps\u00edquica actualizado (com data igual ou superior \u00e0 da publica\u00e7\u00e3o do presente concurso) (al\u00ednea e);<br \/>\n&#8211; Carta de condu\u00e7\u00e3o de pesados ou declara\u00e7\u00e3o escrita de compromisso de obten\u00e7\u00e3o de carta de pesados no per\u00edodo de um ano (al\u00ednea f).<\/p>\n<p style=\"text-align: justify;\">E exclu\u00eddas, por n\u00e3o ter idade compreendida entre os 18 e os 35 anos a candidatura apresentada por:<\/p>\n<p style=\"text-align: justify;\">&#8211; Carlos Miguel Barreira dos Santos;<\/p>\n<p style=\"text-align: justify;\">Foi agendada a entrevista aos candidatos admitidos com reservas para o dia 8 de Julho, na sede da Associa\u00e7\u00e3o Humanit\u00e1ria dos Bombeiros Volunt\u00e1rios de Guimar\u00e3es, pela seguinte ordem:<\/p>\n<p style=\"text-align: center;\">Andr\u00e9 Manuel de Carvalho Fernandes &#8211; <strong>18:30<\/strong><br \/>\nCristiana Maria Ribeiro da Cunha &#8211; <strong>18:45<\/strong><br \/>\nIgor Ant\u00f3nio Carvalho Gon\u00e7alves &#8211; <strong>19:00<\/strong><\/p>\n<p style=\"text-align: justify;\">Os resultados do concurso s\u00e3o publicados no dia 9 de Julho pelas 20 horas na sede da associa\u00e7\u00e3o. Por nada mais havendo a tratar, foi lavrada a presente acta, que vai ser assinada por todos os presentes.<\/p>\n<p style=\"text-align: justify;\"><strong><em>Texto conforme Acta n.\u00ba 1\/2010 do concurso externo n.\u00ba 1\/2010 <a href=\"http:\/\/www.bv-guimaraes.org\/site\/wp-content\/uploads\/acta-n1-concurso-1-2010.pdf\" target=\"_blank\">(clicar para visualiza\u00e7\u00e3o da mesma)<\/a><\/em><\/strong><\/p>\n<p style=\"text-align: center;\">\n<p style=\"text-align: center;\">\n<p style=\"text-align: center;\"><strong>Para visualizar este documento, necessitas do Adobe Acrobat Reader. Se ainda n\u00e3o o tens, faz o download, cliquando na imagem.<\/strong><\/p>\n<p style=\"text-align: center;\"><a href=\"http:\/\/get.adobe.com\/br\/reader\/otherversions\/\" target=\"_blank\" rel=\"noopener\"><img loading=\"lazy\" decoding=\"async\" class=\"aligncenter size-full wp-image-2566\" title=\"get_adobe_reader\" src=\"http:\/\/www.bv-guimaraes.org\/site\/wp-content\/uploads\/get_adobe_reader.gif\" alt=\"\" width=\"88\" height=\"31\" \/><\/a><\/p>\n<p style=\"text-align: center;\">\u00a0<\/p>\n","protected":false},"excerpt":{"rendered":"<p>Aos vinte e oito dias do m\u00eas de Junho do ano dois mil e dez reuniu, na sede da Associa\u00e7\u00e3o Humanit\u00e1ria dos Bombeiros Volunt\u00e1rios de Guimar\u00e3es, pelas dezanove horas, o j\u00fari do concurso n.\u00ba 1\/2010, para aprecia\u00e7\u00e3o das propostas submetidas<\/p>\n","protected":false},"author":5,"featured_media":0,"comment_status":"open","ping_status":"closed","sticky":false,"template":"","format":"standard","meta":{"ngg_post_thumbnail":0,"footnotes":""},"categories":[3],"tags":[300,283,18,299],"class_list":["post-3577","post","type-post","status-publish","format-standard","hentry","category-noticias-quartel","tag-acta","tag-associacao-humanitaria-dos-bombeiros-voluntarios-de-guimaraes","tag-bombeiros-voluntarios-de-guimaraes","tag-concurso-externo"],"_links":{"self":[{"href":"https:\/\/www.bv-guimaraes.org\/site\/wp-json\/wp\/v2\/posts\/3577","targetHints":{"allow":["GET"]}}],"collection":[{"href":"https:\/\/www.bv-guimaraes.org\/site\/wp-json\/wp\/v2\/posts"}],"about":[{"href":"https:\/\/www.bv-guimaraes.org\/site\/wp-json\/wp\/v2\/types\/post"}],"author":[{"embeddable":true,"href":"https:\/\/www.bv-guimaraes.org\/site\/wp-json\/wp\/v2\/users\/5"}],"replies":[{"embeddable":true,"href":"https:\/\/www.bv-guimaraes.org\/site\/wp-json\/wp\/v2\/comments?post=3577"}],"version-history":[{"count":11,"href":"https:\/\/www.bv-guimaraes.org\/site\/wp-json\/wp\/v2\/posts\/3577\/revisions"}],"predecessor-version":[{"id":3589,"href":"https:\/\/www.bv-guimaraes.org\/site\/wp-json\/wp\/v2\/posts\/3577\/revisions\/3589"}],"wp:attachment":[{"href":"https:\/\/www.bv-guimaraes.org\/site\/wp-json\/wp\/v2\/media?parent=3577"}],"wp:term":[{"taxonomy":"category","embeddable":true,"href":"https:\/\/www.bv-guimaraes.org\/site\/wp-json\/wp\/v2\/categories?post=3577"},{"taxonomy":"post_tag","embeddable":true,"href":"https:\/\/www.bv-guimaraes.org\/site\/wp-json\/wp\/v2\/tags?post=3577"}],"curies":[{"name":"wp","href":"https:\/\/api.w.org\/{rel}","templated":true}]}}