{"id":3605,"date":"2010-07-16T14:22:02","date_gmt":"2010-07-16T14:22:02","guid":{"rendered":"http:\/\/www.bv-guimaraes.org\/site\/?p=3605"},"modified":"2010-07-16T14:22:02","modified_gmt":"2010-07-16T14:22:02","slug":"4%c2%ba-curso-de-bombeirinhos-2","status":"publish","type":"post","link":"https:\/\/www.bv-guimaraes.org\/site\/4%c2%ba-curso-de-bombeirinhos-2\/","title":{"rendered":"4\u00ba Curso de bombeirinhos"},"content":{"rendered":"<p style=\"text-align: justify;\"><a href=\"http:\/\/www.bv-guimaraes.org\/site\/wp-content\/uploads\/Foto-Fam\u00edlia.jpg\" data-rel=\"lightbox-gallery-TBp0iAwT\" data-rl_title=\"\" data-rl_caption=\"\"><img loading=\"lazy\" decoding=\"async\" class=\"alignleft size-full wp-image-3606\" title=\"\" src=\"http:\/\/www.bv-guimaraes.org\/site\/wp-content\/uploads\/Foto-Fam\u00edlia.jpg\" alt=\"\" width=\"235\" height=\"159\" \/><\/a>Decorreu no passado dia 3 de Julho, no quartel dos <strong>Bombeiros Volunt\u00e1rios de Guimar\u00e3es<\/strong>, o 4\u00ba Curso de Bombeirinhos destinados a crian\u00e7as com idades entre os 8 a 10 anos.<\/p>\n<p style=\"text-align: justify;\">Esta iniciativa teve por objectivos proporcionar-lhes a oportunidade de conhecerem mais de perto o modo de actua\u00e7\u00e3o dos bombeiros, bem como os princ\u00edpios que os orientam e as causas por que lutam e alertar as crian\u00e7as para a necessidade de ajuda ao pr\u00f3ximo, cativando-as para este ambiente de solidariedade.<\/p>\n<p style=\"text-align: justify;\">\n<p style=\"text-align: center;\"><strong><em>clicar na imagem para visualizar restantes fotos<\/em><\/strong><\/p>\n<p style=\"text-align: center;\"><strong><em><a href=\"http:\/\/www.bv-guimaraes.org\/site\/multimedia\/galeria-de-fotos\/?album=14&amp;gallery=13\" target=\"_self\"><img loading=\"lazy\" decoding=\"async\" class=\"aligncenter size-full wp-image-3623\" title=\"Foto 30\" src=\"http:\/\/www.bv-guimaraes.org\/site\/wp-content\/uploads\/Foto-30.jpg\" alt=\"\" width=\"590\" height=\"400\" \/><\/a><br \/>\n<\/em><\/strong><\/p>\n<p style=\"text-align: center;\"><strong><br \/>\n<\/strong><\/p>\n<p style=\"text-align: center;\"><a href=\"http:\/\/www.bv-guimaraes.org\/site\/multimedia\/galeria-de-fotos\/?album=14&amp;gallery=13\" target=\"_self\"><br \/>\n<\/a><\/p>\n","protected":false},"excerpt":{"rendered":"<p>Decorreu no passado dia 3 de Julho, no quartel dos Bombeiros Volunt\u00e1rios de Guimar\u00e3es, o 4\u00ba Curso de Bombeirinhos destinados a crian\u00e7as com idades entre os 8 a 10 anos. Esta iniciativa teve por objectivos proporcionar-lhes a oportunidade de conhecerem<\/p>\n","protected":false},"author":5,"featured_media":0,"comment_status":"open","ping_status":"closed","sticky":false,"template":"","format":"standard","meta":{"ngg_post_thumbnail":0,"footnotes":""},"categories":[3],"tags":[306,93,18],"class_list":["post-3605","post","type-post","status-publish","format-standard","hentry","category-noticias-quartel","tag-4-curso-de-bombeirinhos","tag-bombeirinhos","tag-bombeiros-voluntarios-de-guimaraes"],"_links":{"self":[{"href":"https:\/\/www.bv-guimaraes.org\/site\/wp-json\/wp\/v2\/posts\/3605","targetHints":{"allow":["GET"]}}],"collection":[{"href":"https:\/\/www.bv-guimaraes.org\/site\/wp-json\/wp\/v2\/posts"}],"about":[{"href":"https:\/\/www.bv-guimaraes.org\/site\/wp-json\/wp\/v2\/types\/post"}],"author":[{"embeddable":true,"href":"https:\/\/www.bv-guimaraes.org\/site\/wp-json\/wp\/v2\/users\/5"}],"replies":[{"embeddable":true,"href":"https:\/\/www.bv-guimaraes.org\/site\/wp-json\/wp\/v2\/comments?post=3605"}],"version-history":[{"count":23,"href":"https:\/\/www.bv-guimaraes.org\/site\/wp-json\/wp\/v2\/posts\/3605\/revisions"}],"predecessor-version":[{"id":3640,"href":"https:\/\/www.bv-guimaraes.org\/site\/wp-json\/wp\/v2\/posts\/3605\/revisions\/3640"}],"wp:attachment":[{"href":"https:\/\/www.bv-guimaraes.org\/site\/wp-json\/wp\/v2\/media?parent=3605"}],"wp:term":[{"taxonomy":"category","embeddable":true,"href":"https:\/\/www.bv-guimaraes.org\/site\/wp-json\/wp\/v2\/categories?post=3605"},{"taxonomy":"post_tag","embeddable":true,"href":"https:\/\/www.bv-guimaraes.org\/site\/wp-json\/wp\/v2\/tags?post=3605"}],"curies":[{"name":"wp","href":"https:\/\/api.w.org\/{rel}","templated":true}]}}