{"id":3629,"date":"2010-07-16T14:23:52","date_gmt":"2010-07-16T14:23:52","guid":{"rendered":"http:\/\/www.bv-guimaraes.org\/site\/?p=3629"},"modified":"2010-07-16T14:23:52","modified_gmt":"2010-07-16T14:23:52","slug":"alunos-visitam-os-bombeiros","status":"publish","type":"post","link":"https:\/\/www.bv-guimaraes.org\/site\/alunos-visitam-os-bombeiros\/","title":{"rendered":"Alunos visitam os bombeiros"},"content":{"rendered":"<p style=\"text-align: justify;\">No passado dia 9 de Julho um grupo de alunas do curso profissional de <strong>Animador Sociocultural<\/strong>, da <strong>Escola Secund\u00e1ria Martins Sarmento<\/strong> efectuou uma visita \u00e0s instala\u00e7\u00f5es dos Bombeiros Volunt\u00e1rios de Guimar\u00e3es.<br \/>\nA visita inserida no m\u00f3dulo de \u00c1rea de Sa\u00fade teve como objectivo principal mostrar as instala\u00e7\u00f5es, os meios materiais e humanos no socorro prestado \u00e0 popula\u00e7\u00e3o vimaranense. Tendo ainda ouvido explica\u00e7\u00f5es sobre as precau\u00e7\u00f5es que devem tomar no dia-a-dia para evitar acidentes, e como podem ajudar os colegas e amigos nesse sentido.<\/p>\n<p><img loading=\"lazy\" decoding=\"async\" class=\"aligncenter size-full wp-image-3631\" title=\"escola martins sarmento\" src=\"http:\/\/www.bv-guimaraes.org\/site\/wp-content\/uploads\/escola-martins-sarmento.jpg\" alt=\"\" width=\"590\" height=\"400\" \/><\/p>\n<p><strong>ATL do G.D.R. &#8220;Os Amigos de Urgeses&#8221;<\/strong><\/p>\n<p>Ainda no passado dia 7 de Julho os Bombeiros Volunt\u00e1rios de Guimar\u00e3es receberam a visita de um grupo de 28 crian\u00e7as e duas monitoras do G.D.R. &#8220;Os Amigos de Urgeses&#8221;.<\/p>\n<p style=\"text-align: justify;\"><img loading=\"lazy\" decoding=\"async\" class=\"aligncenter size-full wp-image-3632\" title=\"alunos Urgezes\" src=\"http:\/\/www.bv-guimaraes.org\/site\/wp-content\/uploads\/alunos-Urgezes.jpg\" alt=\"\" width=\"590\" height=\"400\" \/><\/p>\n<p>A Direc\u00e7\u00e3o e o Comando dos Bombeiros Volunt\u00e1rios de Guimar\u00e3es registaram estas duas visitas como uma forma muito importante de promover a actividade dos Bombeiros, incentivando o esp\u00edrito de entreajuda e o voluntariado jovem.<\/p>\n","protected":false},"excerpt":{"rendered":"<p>No passado dia 9 de Julho um grupo de alunas do curso profissional de Animador Sociocultural, da Escola Secund\u00e1ria Martins Sarmento efectuou uma visita \u00e0s instala\u00e7\u00f5es dos Bombeiros Volunt\u00e1rios de Guimar\u00e3es. A visita inserida no m\u00f3dulo de \u00c1rea de Sa\u00fade<\/p>\n","protected":false},"author":5,"featured_media":0,"comment_status":"open","ping_status":"closed","sticky":false,"template":"","format":"standard","meta":{"ngg_post_thumbnail":0,"footnotes":""},"categories":[3],"tags":[18,308,99,307],"class_list":["post-3629","post","type-post","status-publish","format-standard","hentry","category-noticias-quartel","tag-bombeiros-voluntarios-de-guimaraes","tag-curso-profissional-de-animador-sociocultural","tag-escola-secundaria-martins-sarmento","tag-g-d-r-os-amigos-de-urgeses"],"_links":{"self":[{"href":"https:\/\/www.bv-guimaraes.org\/site\/wp-json\/wp\/v2\/posts\/3629","targetHints":{"allow":["GET"]}}],"collection":[{"href":"https:\/\/www.bv-guimaraes.org\/site\/wp-json\/wp\/v2\/posts"}],"about":[{"href":"https:\/\/www.bv-guimaraes.org\/site\/wp-json\/wp\/v2\/types\/post"}],"author":[{"embeddable":true,"href":"https:\/\/www.bv-guimaraes.org\/site\/wp-json\/wp\/v2\/users\/5"}],"replies":[{"embeddable":true,"href":"https:\/\/www.bv-guimaraes.org\/site\/wp-json\/wp\/v2\/comments?post=3629"}],"version-history":[{"count":7,"href":"https:\/\/www.bv-guimaraes.org\/site\/wp-json\/wp\/v2\/posts\/3629\/revisions"}],"predecessor-version":[{"id":3641,"href":"https:\/\/www.bv-guimaraes.org\/site\/wp-json\/wp\/v2\/posts\/3629\/revisions\/3641"}],"wp:attachment":[{"href":"https:\/\/www.bv-guimaraes.org\/site\/wp-json\/wp\/v2\/media?parent=3629"}],"wp:term":[{"taxonomy":"category","embeddable":true,"href":"https:\/\/www.bv-guimaraes.org\/site\/wp-json\/wp\/v2\/categories?post=3629"},{"taxonomy":"post_tag","embeddable":true,"href":"https:\/\/www.bv-guimaraes.org\/site\/wp-json\/wp\/v2\/tags?post=3629"}],"curies":[{"name":"wp","href":"https:\/\/api.w.org\/{rel}","templated":true}]}}