{"id":3642,"date":"2010-08-06T19:05:29","date_gmt":"2010-08-06T19:05:29","guid":{"rendered":"http:\/\/www.bv-guimaraes.org\/site\/?p=3642"},"modified":"2010-08-06T19:05:29","modified_gmt":"2010-08-06T19:05:29","slug":"acidente-provoca-cinco-feridos-2","status":"publish","type":"post","link":"https:\/\/www.bv-guimaraes.org\/site\/acidente-provoca-cinco-feridos-2\/","title":{"rendered":"Acidente provoca cinco feridos"},"content":{"rendered":"<p style=\"text-align: justify;\"><a href=\"http:\/\/www.bv-guimaraes.org\/site\/wp-content\/uploads\/acidente_cachada.jpg\" data-rel=\"lightbox-gallery-9sRo1kJn\" data-rl_title=\"\" data-rl_caption=\"\"><img loading=\"lazy\" decoding=\"async\" class=\"alignleft size-full wp-image-3643\" title=\"\" src=\"http:\/\/www.bv-guimaraes.org\/site\/wp-content\/uploads\/acidente_cachada.jpg\" alt=\"\" width=\"195\" height=\"162\" \/><\/a>Uma <strong>colis\u00e3o<\/strong> frontal entre duas viaturas provocou <strong>cinco feridos<\/strong>, um dos quais grave, no \u00faltimo dia do m\u00eas de Julho. O acidente aconteceu pelas 09:18 na vila de <strong>S. Torcato<\/strong>, no lugar da Cachada, perto de uma superf\u00edcie comercial de m\u00e9dia dimens\u00e3o ali existente.<br \/>\nAp\u00f3s o alerta, foram accionadas cinco ambul\u00e2ncias, um carro de desencarceramento e 16 homens, contando ainda com o apoio da VMER do Centro Hospitalar Alto Ave.<br \/>\nA colis\u00e3o entre os dois ve\u00edculos provocou quatro feridos ligeiros, ocupantes das viaturas, que foram transportados para o Centro Hospitalar Alto Ave &#8211; Unidade de Guimar\u00e3es. A v\u00edtima mais grave, uma mulher de 76 anos, que se encontrava sentada num muro existente na berma da estrada foi apanhada por uma das viaturas, tendo sofrido m\u00faltiplas fracturas.<\/p>\n<p style=\"text-align: justify;\">\n<p style=\"text-align: justify;\"><strong>Fotos do acidente<\/strong><\/p>\n<p style=\"text-align: justify;\"><img loading=\"lazy\" decoding=\"async\" class=\"aligncenter size-full wp-image-3650\" title=\"acidente_cachada 1\" src=\"http:\/\/www.bv-guimaraes.org\/site\/wp-content\/uploads\/acidente_cachada-1.jpg\" alt=\"\" width=\"590\" height=\"400\" \/><\/p>\n<p style=\"text-align: justify;\"><img loading=\"lazy\" decoding=\"async\" class=\"aligncenter size-full wp-image-3651\" title=\"acidente_cachada 3\" src=\"http:\/\/www.bv-guimaraes.org\/site\/wp-content\/uploads\/acidente_cachada-3.jpg\" alt=\"\" width=\"590\" height=\"400\" \/><\/p>\n<p style=\"text-align: justify;\"><img loading=\"lazy\" decoding=\"async\" class=\"aligncenter size-full wp-image-3653\" title=\"acidente_cachada 4\" src=\"http:\/\/www.bv-guimaraes.org\/site\/wp-content\/uploads\/acidente_cachada-4.jpg\" alt=\"\" width=\"590\" height=\"400\" \/><\/p>\n<p style=\"text-align: justify;\"><img loading=\"lazy\" decoding=\"async\" class=\"aligncenter size-full wp-image-3655\" title=\"acidente_cachada 2\" src=\"http:\/\/www.bv-guimaraes.org\/site\/wp-content\/uploads\/acidente_cachada-2.jpg\" alt=\"\" width=\"590\" height=\"400\" \/><\/p>\n","protected":false},"excerpt":{"rendered":"<p>Uma colis\u00e3o frontal entre duas viaturas provocou cinco feridos, um dos quais grave, no \u00faltimo dia do m\u00eas de Julho. O acidente aconteceu pelas 09:18 na vila de S. Torcato, no lugar da Cachada, perto de uma superf\u00edcie comercial de<\/p>\n","protected":false},"author":5,"featured_media":0,"comment_status":"open","ping_status":"closed","sticky":false,"template":"","format":"standard","meta":{"ngg_post_thumbnail":0,"footnotes":""},"categories":[4],"tags":[9,18,34,213,47,309,147,116],"class_list":["post-3642","post","type-post","status-publish","format-standard","hentry","category-noticias-gerais","tag-acidente","tag-bombeiros-voluntarios-de-guimaraes","tag-colisao","tag-ferido-grave","tag-feridos","tag-lugar-da-cachada","tag-s-torcato","tag-vmer"],"_links":{"self":[{"href":"https:\/\/www.bv-guimaraes.org\/site\/wp-json\/wp\/v2\/posts\/3642","targetHints":{"allow":["GET"]}}],"collection":[{"href":"https:\/\/www.bv-guimaraes.org\/site\/wp-json\/wp\/v2\/posts"}],"about":[{"href":"https:\/\/www.bv-guimaraes.org\/site\/wp-json\/wp\/v2\/types\/post"}],"author":[{"embeddable":true,"href":"https:\/\/www.bv-guimaraes.org\/site\/wp-json\/wp\/v2\/users\/5"}],"replies":[{"embeddable":true,"href":"https:\/\/www.bv-guimaraes.org\/site\/wp-json\/wp\/v2\/comments?post=3642"}],"version-history":[{"count":11,"href":"https:\/\/www.bv-guimaraes.org\/site\/wp-json\/wp\/v2\/posts\/3642\/revisions"}],"predecessor-version":[{"id":3659,"href":"https:\/\/www.bv-guimaraes.org\/site\/wp-json\/wp\/v2\/posts\/3642\/revisions\/3659"}],"wp:attachment":[{"href":"https:\/\/www.bv-guimaraes.org\/site\/wp-json\/wp\/v2\/media?parent=3642"}],"wp:term":[{"taxonomy":"category","embeddable":true,"href":"https:\/\/www.bv-guimaraes.org\/site\/wp-json\/wp\/v2\/categories?post=3642"},{"taxonomy":"post_tag","embeddable":true,"href":"https:\/\/www.bv-guimaraes.org\/site\/wp-json\/wp\/v2\/tags?post=3642"}],"curies":[{"name":"wp","href":"https:\/\/api.w.org\/{rel}","templated":true}]}}