{"id":3666,"date":"2010-08-08T12:26:53","date_gmt":"2010-08-08T12:26:53","guid":{"rendered":"http:\/\/www.bv-guimaraes.org\/site\/?p=3666"},"modified":"2010-08-08T12:26:53","modified_gmt":"2010-08-08T12:26:53","slug":"incendio-florestal-na-manha-de-domingo","status":"publish","type":"post","link":"https:\/\/www.bv-guimaraes.org\/site\/incendio-florestal-na-manha-de-domingo\/","title":{"rendered":"Inc\u00eandio florestal na manh\u00e3 de domingo"},"content":{"rendered":"<p style=\"text-align: justify;\"><a href=\"http:\/\/www.bv-guimaraes.org\/site\/wp-content\/uploads\/incendio-florestal6.jpg\" data-rel=\"lightbox-gallery-QH72oIy9\" data-rl_title=\"\" data-rl_caption=\"\"><img loading=\"lazy\" decoding=\"async\" class=\"alignleft size-full wp-image-1262\" title=\"\" src=\"http:\/\/www.bv-guimaraes.org\/site\/wp-content\/uploads\/incendio-florestal6.jpg\" alt=\"\" width=\"250\" height=\"250\" srcset=\"https:\/\/www.bv-guimaraes.org\/site\/wp-content\/uploads\/incendio-florestal6.jpg 250w, https:\/\/www.bv-guimaraes.org\/site\/wp-content\/uploads\/incendio-florestal6-150x150.jpg 150w\" sizes=\"auto, (max-width: 250px) 100vw, 250px\" \/><\/a>A manh\u00e3 deste domingo, dia 8 de Agosto, ficou marcada por um <strong>inc\u00eandio florestal<\/strong>, no Lugar da Fontela, freguesia de <strong>Gominh\u00e3es<\/strong>.<br \/>\nO alerta foi dado pelas 06:15, sendo accionado imediatamente um ve\u00edculo de inc\u00eandio (VRCI) com cinco bombeiros. Devido \u00e0 extensa \u00e1rea foi necess\u00e1rio pedir um refor\u00e7o de meios para local, tendo sido enviado mais uma viatura com tr\u00eas bombeiros, contando ainda com o apoio dos Bombeiros Volunt\u00e1rios das Taipas que accionaram para o local uma viatura e cinco bombeiros.<br \/>\nO inc\u00eandio atingiu uma \u00e1rea de cerca de dois hectares, tendo as chamas sido combatidas por um total de treze bombeiros e auxiliados por tr\u00eas viaturas. As opera\u00e7\u00f5es de combate, rescaldo e vigil\u00e2ncia terminaram pelas 10:00.<\/p>\n<p><strong>Bombeiros de Guimar\u00e3es apoiam colegas de Fafe <\/strong><\/p>\n<p>Os Bombeiros Volunt\u00e1rios de Guimar\u00e3es, prestaram ontem apoio aos colegas de Fafe no combate a um inc\u00eandio florestal de grandes porpor\u00e7\u00f5es, na freguesia de Seraf\u00e3o, concelho de Fafe. Para o local foram enviadas duas viaturas de inc\u00eandio (VLCI e VTTU) bem como treze bombeiros.<\/p>\n","protected":false},"excerpt":{"rendered":"<p>A manh\u00e3 deste domingo, dia 8 de Agosto, ficou marcada por um inc\u00eandio florestal, no Lugar da Fontela, freguesia de Gominh\u00e3es. O alerta foi dado pelas 06:15, sendo accionado imediatamente um ve\u00edculo de inc\u00eandio (VRCI) com cinco bombeiros. Devido \u00e0<\/p>\n","protected":false},"author":5,"featured_media":0,"comment_status":"open","ping_status":"closed","sticky":false,"template":"","format":"standard","meta":{"ngg_post_thumbnail":0,"footnotes":""},"categories":[4],"tags":[285,243,18,133,119,312],"class_list":["post-3666","post","type-post","status-publish","format-standard","hentry","category-noticias-gerais","tag-bombeiros-voluntarios-das-taipas","tag-bombeiros-voluntarios-de-fafe","tag-bombeiros-voluntarios-de-guimaraes","tag-gominhaes","tag-incendio-florestal","tag-serafao"],"_links":{"self":[{"href":"https:\/\/www.bv-guimaraes.org\/site\/wp-json\/wp\/v2\/posts\/3666","targetHints":{"allow":["GET"]}}],"collection":[{"href":"https:\/\/www.bv-guimaraes.org\/site\/wp-json\/wp\/v2\/posts"}],"about":[{"href":"https:\/\/www.bv-guimaraes.org\/site\/wp-json\/wp\/v2\/types\/post"}],"author":[{"embeddable":true,"href":"https:\/\/www.bv-guimaraes.org\/site\/wp-json\/wp\/v2\/users\/5"}],"replies":[{"embeddable":true,"href":"https:\/\/www.bv-guimaraes.org\/site\/wp-json\/wp\/v2\/comments?post=3666"}],"version-history":[{"count":5,"href":"https:\/\/www.bv-guimaraes.org\/site\/wp-json\/wp\/v2\/posts\/3666\/revisions"}],"predecessor-version":[{"id":3681,"href":"https:\/\/www.bv-guimaraes.org\/site\/wp-json\/wp\/v2\/posts\/3666\/revisions\/3681"}],"wp:attachment":[{"href":"https:\/\/www.bv-guimaraes.org\/site\/wp-json\/wp\/v2\/media?parent=3666"}],"wp:term":[{"taxonomy":"category","embeddable":true,"href":"https:\/\/www.bv-guimaraes.org\/site\/wp-json\/wp\/v2\/categories?post=3666"},{"taxonomy":"post_tag","embeddable":true,"href":"https:\/\/www.bv-guimaraes.org\/site\/wp-json\/wp\/v2\/tags?post=3666"}],"curies":[{"name":"wp","href":"https:\/\/api.w.org\/{rel}","templated":true}]}}