{"id":3926,"date":"2010-10-22T14:28:28","date_gmt":"2010-10-22T14:28:28","guid":{"rendered":"http:\/\/www.bv-guimaraes.org\/site\/?p=3926"},"modified":"2010-10-22T14:28:28","modified_gmt":"2010-10-22T14:28:28","slug":"incendio-numa-viatura-na-a7","status":"publish","type":"post","link":"https:\/\/www.bv-guimaraes.org\/site\/incendio-numa-viatura-na-a7\/","title":{"rendered":"Inc\u00eandio numa viatura na A7"},"content":{"rendered":"<p style=\"text-align: justify;\"><a href=\"http:\/\/www.bv-guimaraes.org\/site\/wp-content\/uploads\/carro_arder.jpg\" data-rel=\"lightbox-gallery-zpikzZOR\" data-rl_title=\"\" data-rl_caption=\"\"><img loading=\"lazy\" decoding=\"async\" class=\"alignleft size-full wp-image-3927\" title=\"\" src=\"http:\/\/www.bv-guimaraes.org\/site\/wp-content\/uploads\/carro_arder.jpg\" alt=\"\" width=\"200\" height=\"150\" \/><\/a>Hoje de manh\u00e3, dia 22, pelas 10:09, foi nos dado um alerta de um<strong> inc\u00eandio<\/strong> numa viatura, na <strong>auto-estrada A7<\/strong>, sentido Guimar\u00e3es &#8211; Fafe, ao km 55,5 que fica situado na freguesia de Antime.<br \/>\nDe imediato foi accionada uma viatura de inc\u00eandio (VUCI 01) com cinco bombeiros, que ap\u00f3s chegarem ao local constataram que a viatura, de marca <strong>Renault M\u00e9gane<\/strong>, j\u00e1 se encontrava toda tomada pelas chamas o que originou a sua total destrui\u00e7\u00e3o.<br \/>\nAs opera\u00e7\u00f5es de combate ao inc\u00eandio e rescaldo terminaram por volta das 11:26.<\/p>\n","protected":false},"excerpt":{"rendered":"<p>Hoje de manh\u00e3, dia 22, pelas 10:09, foi nos dado um alerta de um inc\u00eandio numa viatura, na auto-estrada A7, sentido Guimar\u00e3es &#8211; Fafe, ao km 55,5 que fica situado na freguesia de Antime. De imediato foi accionada uma viatura<\/p>\n","protected":false},"author":5,"featured_media":0,"comment_status":"open","ping_status":"closed","sticky":false,"template":"","format":"standard","meta":{"ngg_post_thumbnail":0,"footnotes":""},"categories":[4],"tags":[55,353,142,18,23,352,351],"class_list":["post-3926","post","type-post","status-publish","format-standard","hentry","category-noticias-gerais","tag-a7","tag-antime","tag-auto-estrada","tag-bombeiros-voluntarios-de-guimaraes","tag-incendio","tag-megane","tag-renault"],"_links":{"self":[{"href":"https:\/\/www.bv-guimaraes.org\/site\/wp-json\/wp\/v2\/posts\/3926","targetHints":{"allow":["GET"]}}],"collection":[{"href":"https:\/\/www.bv-guimaraes.org\/site\/wp-json\/wp\/v2\/posts"}],"about":[{"href":"https:\/\/www.bv-guimaraes.org\/site\/wp-json\/wp\/v2\/types\/post"}],"author":[{"embeddable":true,"href":"https:\/\/www.bv-guimaraes.org\/site\/wp-json\/wp\/v2\/users\/5"}],"replies":[{"embeddable":true,"href":"https:\/\/www.bv-guimaraes.org\/site\/wp-json\/wp\/v2\/comments?post=3926"}],"version-history":[{"count":3,"href":"https:\/\/www.bv-guimaraes.org\/site\/wp-json\/wp\/v2\/posts\/3926\/revisions"}],"predecessor-version":[{"id":3930,"href":"https:\/\/www.bv-guimaraes.org\/site\/wp-json\/wp\/v2\/posts\/3926\/revisions\/3930"}],"wp:attachment":[{"href":"https:\/\/www.bv-guimaraes.org\/site\/wp-json\/wp\/v2\/media?parent=3926"}],"wp:term":[{"taxonomy":"category","embeddable":true,"href":"https:\/\/www.bv-guimaraes.org\/site\/wp-json\/wp\/v2\/categories?post=3926"},{"taxonomy":"post_tag","embeddable":true,"href":"https:\/\/www.bv-guimaraes.org\/site\/wp-json\/wp\/v2\/tags?post=3926"}],"curies":[{"name":"wp","href":"https:\/\/api.w.org\/{rel}","templated":true}]}}