{"id":3932,"date":"2010-10-26T20:24:30","date_gmt":"2010-10-26T20:24:30","guid":{"rendered":"http:\/\/www.bv-guimaraes.org\/site\/?p=3932"},"modified":"2010-10-26T20:24:30","modified_gmt":"2010-10-26T20:24:30","slug":"incendio-florestal-em-mesao-frio","status":"publish","type":"post","link":"https:\/\/www.bv-guimaraes.org\/site\/incendio-florestal-em-mesao-frio\/","title":{"rendered":"Inc\u00eandio florestal em Mes\u00e3o Frio"},"content":{"rendered":"<p style=\"text-align: justify;\"><a href=\"http:\/\/www.bv-guimaraes.org\/site\/wp-content\/uploads\/inc\u00eandio-florestal.jpg\" data-rel=\"lightbox-gallery-ljb3JYZ2\" data-rl_title=\"\" data-rl_caption=\"\"><img loading=\"lazy\" decoding=\"async\" class=\"alignleft size-full wp-image-3789\" title=\"\" src=\"http:\/\/www.bv-guimaraes.org\/site\/wp-content\/uploads\/inc\u00eandio-florestal.jpg\" alt=\"\" width=\"222\" height=\"147\" \/><\/a>Hoje, dia 26, pelas 15:16 foi nos dado um alerta para um <strong>inc\u00eandio florestal<\/strong> na Rua da Carreira, freguesia de <strong>Mes\u00e3o Frio<\/strong>.<br \/>\nDe imediato foram enviados dois ve\u00edculos de inc\u00eandio juntamente com cinco bombeiros.<br \/>\nO inc\u00eandio atingiu uma \u00e1rea de cerca de tr\u00eas mil metros quadrados de mato, tendo as\u00a0 opera\u00e7\u00f5es de combate e rescaldo terminado pelas 17:35.<\/p>\n","protected":false},"excerpt":{"rendered":"<p>Hoje, dia 26, pelas 15:16 foi nos dado um alerta para um inc\u00eandio florestal na Rua da Carreira, freguesia de Mes\u00e3o Frio. De imediato foram enviados dois ve\u00edculos de inc\u00eandio juntamente com cinco bombeiros. O inc\u00eandio atingiu uma \u00e1rea de<\/p>\n","protected":false},"author":5,"featured_media":0,"comment_status":"open","ping_status":"closed","sticky":false,"template":"","format":"standard","meta":{"ngg_post_thumbnail":0,"footnotes":""},"categories":[4],"tags":[18,119,86],"class_list":["post-3932","post","type-post","status-publish","format-standard","hentry","category-noticias-gerais","tag-bombeiros-voluntarios-de-guimaraes","tag-incendio-florestal","tag-mesao-frio"],"_links":{"self":[{"href":"https:\/\/www.bv-guimaraes.org\/site\/wp-json\/wp\/v2\/posts\/3932","targetHints":{"allow":["GET"]}}],"collection":[{"href":"https:\/\/www.bv-guimaraes.org\/site\/wp-json\/wp\/v2\/posts"}],"about":[{"href":"https:\/\/www.bv-guimaraes.org\/site\/wp-json\/wp\/v2\/types\/post"}],"author":[{"embeddable":true,"href":"https:\/\/www.bv-guimaraes.org\/site\/wp-json\/wp\/v2\/users\/5"}],"replies":[{"embeddable":true,"href":"https:\/\/www.bv-guimaraes.org\/site\/wp-json\/wp\/v2\/comments?post=3932"}],"version-history":[{"count":4,"href":"https:\/\/www.bv-guimaraes.org\/site\/wp-json\/wp\/v2\/posts\/3932\/revisions"}],"predecessor-version":[{"id":3936,"href":"https:\/\/www.bv-guimaraes.org\/site\/wp-json\/wp\/v2\/posts\/3932\/revisions\/3936"}],"wp:attachment":[{"href":"https:\/\/www.bv-guimaraes.org\/site\/wp-json\/wp\/v2\/media?parent=3932"}],"wp:term":[{"taxonomy":"category","embeddable":true,"href":"https:\/\/www.bv-guimaraes.org\/site\/wp-json\/wp\/v2\/categories?post=3932"},{"taxonomy":"post_tag","embeddable":true,"href":"https:\/\/www.bv-guimaraes.org\/site\/wp-json\/wp\/v2\/tags?post=3932"}],"curies":[{"name":"wp","href":"https:\/\/api.w.org\/{rel}","templated":true}]}}