{"id":3962,"date":"2010-10-30T19:11:40","date_gmt":"2010-10-30T19:11:40","guid":{"rendered":"http:\/\/www.bv-guimaraes.org\/site\/?p=3962"},"modified":"2010-10-30T19:11:40","modified_gmt":"2010-10-30T19:11:40","slug":"dois-acidentes-durante-a-tarde-de-ontem","status":"publish","type":"post","link":"https:\/\/www.bv-guimaraes.org\/site\/dois-acidentes-durante-a-tarde-de-ontem\/","title":{"rendered":"Dois acidentes durante a tarde de ontem"},"content":{"rendered":"<p style=\"text-align: justify;\"><a href=\"http:\/\/www.bv-guimaraes.org\/site\/wp-content\/uploads\/ACIDENTE.jpg\" data-rel=\"lightbox-gallery-8gYe0lEg\" data-rl_title=\"\" data-rl_caption=\"\"><img loading=\"lazy\" decoding=\"async\" class=\"alignleft size-full wp-image-2111\" title=\"\" src=\"http:\/\/www.bv-guimaraes.org\/site\/wp-content\/uploads\/ACIDENTE.jpg\" alt=\"\" width=\"216\" height=\"170\" \/><\/a>Ontem, dia 29, pelas 16:32, o <strong>despiste<\/strong> de uma carrinha de passageiros na Rua Cmdt. Jo\u00e3o de Paiva Faria Leite Brand\u00e3o, freguesia de <strong>Polvoreira<\/strong>, provocou ferimentos na condutora de 42 anos.<br \/>\nDe imediato foi accionado uma ambul\u00e2ncia e um ve\u00edculo desencarceramento, bem como sete bombeiros apoiados ainda pela VMER do Centro Hospitalar Alto Ave.<br \/>\nFace ao despiste, a v\u00edtima ficou <strong>encarcerada<\/strong>, tendo sido necess\u00e1rio proceder ao seu desencarceramento.<br \/>\nAp\u00f3s extrac\u00e7\u00e3o e estabaliza\u00e7\u00e3o da v\u00edtima, a mesma foi transportada para o Centro Hospitalar Alto Ave \u2013 Unidade de Guimar\u00e3es.<\/p>\n<p style=\"text-align: justify;\">Ainda ao final do dia de ontem, o <strong>despiste<\/strong> de um ve\u00edculo ligeiro provocou dois feridos.<br \/>\nO acidente ocorreu pelas 17:52 horas, na Rua Ant\u00f3nio Barbosa, na freguesia de <strong>Air\u00e3o (Santa Maria)<\/strong>. Para o local foi accionado uma ambul\u00e2ncia com dois bombeiros, que ap\u00f3s estabilizarem as <strong>duas v\u00edtimas<\/strong>, uma crian\u00e7a de 5 anos e uma mulher de 36 anos, transportaram-nas para o Centro Hospitalar Alto Ave &#8211; Unidade de Guimar\u00e3es.<\/p>\n","protected":false},"excerpt":{"rendered":"<p>Ontem, dia 29, pelas 16:32, o despiste de uma carrinha de passageiros na Rua Cmdt. Jo\u00e3o de Paiva Faria Leite Brand\u00e3o, freguesia de Polvoreira, provocou ferimentos na condutora de 42 anos. De imediato foi accionado uma ambul\u00e2ncia e um ve\u00edculo<\/p>\n","protected":false},"author":5,"featured_media":0,"comment_status":"open","ping_status":"closed","sticky":false,"template":"","format":"standard","meta":{"ngg_post_thumbnail":0,"footnotes":""},"categories":[4],"tags":[356,18,20,187,38],"class_list":["post-3962","post","type-post","status-publish","format-standard","hentry","category-noticias-gerais","tag-airao-santa-maria","tag-bombeiros-voluntarios-de-guimaraes","tag-despiste","tag-encarcerada","tag-polvoreira"],"_links":{"self":[{"href":"https:\/\/www.bv-guimaraes.org\/site\/wp-json\/wp\/v2\/posts\/3962","targetHints":{"allow":["GET"]}}],"collection":[{"href":"https:\/\/www.bv-guimaraes.org\/site\/wp-json\/wp\/v2\/posts"}],"about":[{"href":"https:\/\/www.bv-guimaraes.org\/site\/wp-json\/wp\/v2\/types\/post"}],"author":[{"embeddable":true,"href":"https:\/\/www.bv-guimaraes.org\/site\/wp-json\/wp\/v2\/users\/5"}],"replies":[{"embeddable":true,"href":"https:\/\/www.bv-guimaraes.org\/site\/wp-json\/wp\/v2\/comments?post=3962"}],"version-history":[{"count":6,"href":"https:\/\/www.bv-guimaraes.org\/site\/wp-json\/wp\/v2\/posts\/3962\/revisions"}],"predecessor-version":[{"id":3968,"href":"https:\/\/www.bv-guimaraes.org\/site\/wp-json\/wp\/v2\/posts\/3962\/revisions\/3968"}],"wp:attachment":[{"href":"https:\/\/www.bv-guimaraes.org\/site\/wp-json\/wp\/v2\/media?parent=3962"}],"wp:term":[{"taxonomy":"category","embeddable":true,"href":"https:\/\/www.bv-guimaraes.org\/site\/wp-json\/wp\/v2\/categories?post=3962"},{"taxonomy":"post_tag","embeddable":true,"href":"https:\/\/www.bv-guimaraes.org\/site\/wp-json\/wp\/v2\/tags?post=3962"}],"curies":[{"name":"wp","href":"https:\/\/api.w.org\/{rel}","templated":true}]}}