{"id":4098,"date":"2010-12-26T09:12:28","date_gmt":"2010-12-26T09:12:28","guid":{"rendered":"http:\/\/www.bv-guimaraes.org\/site\/?p=4098"},"modified":"2010-12-26T09:12:28","modified_gmt":"2010-12-26T09:12:28","slug":"dia-de-natal-com-acidente-em-vermil","status":"publish","type":"post","link":"https:\/\/www.bv-guimaraes.org\/site\/dia-de-natal-com-acidente-em-vermil\/","title":{"rendered":"Dia de natal com acidente em Vermil"},"content":{"rendered":"<p style=\"text-align: justify;\"><a href=\"http:\/\/www.bv-guimaraes.org\/site\/wp-content\/uploads\/ACIDENTE.jpg\" data-rel=\"lightbox-gallery-5Z5sKVKr\" data-rl_title=\"\" data-rl_caption=\"\"><img loading=\"lazy\" decoding=\"async\" class=\"alignleft size-full wp-image-2111\" title=\"\" src=\"http:\/\/www.bv-guimaraes.org\/site\/wp-content\/uploads\/ACIDENTE.jpg\" alt=\"\" width=\"203\" height=\"162\" \/><\/a>Tr\u00eas feridos ligeiros foi o resultado de um <strong>acidente<\/strong> de via\u00e7\u00e3o que ocorreu na tarde de ontem na Rua Conde de Belmir, freguesia de <strong>Vermil<\/strong>.<br \/>\n\u00c0s 16:51 recebemos o alerta para uma colis\u00e3o entre tr\u00eas viaturas ligeiras e a exist\u00eancia de tr\u00eas feridos, de imediato foram accionadas tr\u00eas ambul\u00e2ncias e seis bombeiros.<br \/>\nNo local confirmou-se a exist\u00eancia de <strong>tr\u00eas v\u00edtimas<\/strong>, dois adultos (um homem de 29 anos e uma mulher de 22 anos) e uma crian\u00e7a com 7 anos, que ap\u00f3s estabiliza\u00e7\u00e3o das mesmas, foram transportadas para o Centro Hospitalar Alto Ave \u2013 Unidade de Guimar\u00e3es.<br \/>\nNo local esteve ainda a GNR que orientou a circula\u00e7\u00e3o autom\u00f3vel naquela via durante as opera\u00e7\u00f5es de socorro e limpeza da via.<\/p>\n<p><strong>Inc\u00eandios<\/strong><\/p>\n<p>No dia de Natal h\u00e1 tamb\u00e9m a registar dois inc\u00eandios em dois contentores do lixo de solo, na Rua de Mo\u00e7ambique e Rua Mouzinho de Albuquerque, freguesia de Creixomil.<\/p>\n","protected":false},"excerpt":{"rendered":"<p>Tr\u00eas feridos ligeiros foi o resultado de um acidente de via\u00e7\u00e3o que ocorreu na tarde de ontem na Rua Conde de Belmir, freguesia de Vermil. \u00c0s 16:51 recebemos o alerta para uma colis\u00e3o entre tr\u00eas viaturas ligeiras e a exist\u00eancia<\/p>\n","protected":false},"author":5,"featured_media":0,"comment_status":"open","ping_status":"closed","sticky":false,"template":"","format":"standard","meta":{"ngg_post_thumbnail":0,"footnotes":""},"categories":[4],"tags":[9,18,106,34,102,47,23,203],"class_list":["post-4098","post","type-post","status-publish","format-standard","hentry","category-noticias-gerais","tag-acidente","tag-bombeiros-voluntarios-de-guimaraes","tag-centro-hospitalar-alto-ave","tag-colisao","tag-creixomil","tag-feridos","tag-incendio","tag-vermil"],"_links":{"self":[{"href":"https:\/\/www.bv-guimaraes.org\/site\/wp-json\/wp\/v2\/posts\/4098","targetHints":{"allow":["GET"]}}],"collection":[{"href":"https:\/\/www.bv-guimaraes.org\/site\/wp-json\/wp\/v2\/posts"}],"about":[{"href":"https:\/\/www.bv-guimaraes.org\/site\/wp-json\/wp\/v2\/types\/post"}],"author":[{"embeddable":true,"href":"https:\/\/www.bv-guimaraes.org\/site\/wp-json\/wp\/v2\/users\/5"}],"replies":[{"embeddable":true,"href":"https:\/\/www.bv-guimaraes.org\/site\/wp-json\/wp\/v2\/comments?post=4098"}],"version-history":[{"count":5,"href":"https:\/\/www.bv-guimaraes.org\/site\/wp-json\/wp\/v2\/posts\/4098\/revisions"}],"predecessor-version":[{"id":4103,"href":"https:\/\/www.bv-guimaraes.org\/site\/wp-json\/wp\/v2\/posts\/4098\/revisions\/4103"}],"wp:attachment":[{"href":"https:\/\/www.bv-guimaraes.org\/site\/wp-json\/wp\/v2\/media?parent=4098"}],"wp:term":[{"taxonomy":"category","embeddable":true,"href":"https:\/\/www.bv-guimaraes.org\/site\/wp-json\/wp\/v2\/categories?post=4098"},{"taxonomy":"post_tag","embeddable":true,"href":"https:\/\/www.bv-guimaraes.org\/site\/wp-json\/wp\/v2\/tags?post=4098"}],"curies":[{"name":"wp","href":"https:\/\/api.w.org\/{rel}","templated":true}]}}