{"id":4105,"date":"2010-12-28T20:49:41","date_gmt":"2010-12-28T20:49:41","guid":{"rendered":"http:\/\/www.bv-guimaraes.org\/site\/?p=4105"},"modified":"2010-12-28T20:49:41","modified_gmt":"2010-12-28T20:49:41","slug":"acidente-provoca-tres-feridos","status":"publish","type":"post","link":"https:\/\/www.bv-guimaraes.org\/site\/acidente-provoca-tres-feridos\/","title":{"rendered":"Acidente provoca tr\u00eas feridos"},"content":{"rendered":"<p style=\"text-align: justify;\"><a href=\"http:\/\/www.bv-guimaraes.org\/site\/wp-content\/uploads\/ACIDENTE.jpg\" data-rel=\"lightbox-gallery-S5IstfRH\" data-rl_title=\"\" data-rl_caption=\"\"><img loading=\"lazy\" decoding=\"async\" class=\"alignleft size-full wp-image-2111\" title=\"\" src=\"http:\/\/www.bv-guimaraes.org\/site\/wp-content\/uploads\/ACIDENTE.jpg\" alt=\"\" width=\"154\" height=\"154\" srcset=\"https:\/\/www.bv-guimaraes.org\/site\/wp-content\/uploads\/ACIDENTE.jpg 250w, https:\/\/www.bv-guimaraes.org\/site\/wp-content\/uploads\/ACIDENTE-150x150.jpg 150w\" sizes=\"auto, (max-width: 154px) 100vw, 154px\" \/><\/a>Tr\u00eas feridos ligeiros foi o resultado de um <strong>acidente<\/strong> de via\u00e7\u00e3o que ocorreu ao final da tarde de hoje, dia 28, na Rua da Liberdade, freguesia de <strong>Gondar<\/strong>.<br \/>\n\u00c0s 18:35 era dado o alerta para uma colis\u00e3o entre dois ve\u00edculos ligeiros de passageiros, sendo de imediato accionadas tr\u00eas ambul\u00e2ncias e seis bombeiros,<br \/>\nNo local verificou-se a exist\u00eancia de <strong>tr\u00eas v\u00edtimas<\/strong>, m\u00e3e e duas filhas (40, 14 e 11 anos respectivamente), que ap\u00f3s estabilizadas foram transportadas para o Centro Hospitalar Alto Ave \u2013 Unidade de Guimar\u00e3es.<br \/>\nNo local esteve ainda a GNR que condicionou a circula\u00e7\u00e3o autom\u00f3vel naquela via durante as opera\u00e7\u00f5es de socorro.<\/p>\n","protected":false},"excerpt":{"rendered":"<p>Tr\u00eas feridos ligeiros foi o resultado de um acidente de via\u00e7\u00e3o que ocorreu ao final da tarde de hoje, dia 28, na Rua da Liberdade, freguesia de Gondar. \u00c0s 18:35 era dado o alerta para uma colis\u00e3o entre dois ve\u00edculos<\/p>\n","protected":false},"author":5,"featured_media":0,"comment_status":"open","ping_status":"closed","sticky":false,"template":"","format":"standard","meta":{"ngg_post_thumbnail":0,"footnotes":""},"categories":[4],"tags":[9,18,106,34,382,383],"class_list":["post-4105","post","type-post","status-publish","format-standard","hentry","category-noticias-gerais","tag-acidente","tag-bombeiros-voluntarios-de-guimaraes","tag-centro-hospitalar-alto-ave","tag-colisao","tag-gondar","tag-vitimas"],"_links":{"self":[{"href":"https:\/\/www.bv-guimaraes.org\/site\/wp-json\/wp\/v2\/posts\/4105","targetHints":{"allow":["GET"]}}],"collection":[{"href":"https:\/\/www.bv-guimaraes.org\/site\/wp-json\/wp\/v2\/posts"}],"about":[{"href":"https:\/\/www.bv-guimaraes.org\/site\/wp-json\/wp\/v2\/types\/post"}],"author":[{"embeddable":true,"href":"https:\/\/www.bv-guimaraes.org\/site\/wp-json\/wp\/v2\/users\/5"}],"replies":[{"embeddable":true,"href":"https:\/\/www.bv-guimaraes.org\/site\/wp-json\/wp\/v2\/comments?post=4105"}],"version-history":[{"count":4,"href":"https:\/\/www.bv-guimaraes.org\/site\/wp-json\/wp\/v2\/posts\/4105\/revisions"}],"predecessor-version":[{"id":4109,"href":"https:\/\/www.bv-guimaraes.org\/site\/wp-json\/wp\/v2\/posts\/4105\/revisions\/4109"}],"wp:attachment":[{"href":"https:\/\/www.bv-guimaraes.org\/site\/wp-json\/wp\/v2\/media?parent=4105"}],"wp:term":[{"taxonomy":"category","embeddable":true,"href":"https:\/\/www.bv-guimaraes.org\/site\/wp-json\/wp\/v2\/categories?post=4105"},{"taxonomy":"post_tag","embeddable":true,"href":"https:\/\/www.bv-guimaraes.org\/site\/wp-json\/wp\/v2\/tags?post=4105"}],"curies":[{"name":"wp","href":"https:\/\/api.w.org\/{rel}","templated":true}]}}