{"id":4110,"date":"2010-12-29T11:59:24","date_gmt":"2010-12-29T11:59:24","guid":{"rendered":"http:\/\/www.bv-guimaraes.org\/site\/?p=4110"},"modified":"2010-12-29T11:59:24","modified_gmt":"2010-12-29T11:59:24","slug":"aparatoso-acidente-na-circular-urbana","status":"publish","type":"post","link":"https:\/\/www.bv-guimaraes.org\/site\/aparatoso-acidente-na-circular-urbana\/","title":{"rendered":"Aparatoso acidente na Circular Urbana"},"content":{"rendered":"<p style=\"text-align: justify;\"><a href=\"http:\/\/www.bv-guimaraes.org\/site\/wp-content\/uploads\/acidente_cami\u00e3o-1.jpg\" data-rel=\"lightbox-gallery-7Betbght\" data-rl_title=\"\" data-rl_caption=\"\"><img loading=\"lazy\" decoding=\"async\" class=\"alignleft size-full wp-image-4111\" title=\"\" src=\"http:\/\/www.bv-guimaraes.org\/site\/wp-content\/uploads\/acidente_cami\u00e3o-1.jpg\" alt=\"\" width=\"225\" height=\"165\" \/><\/a>Uma viatura pesada despistou-se na manh\u00e3 desta quarta-feira, dia 29, na <strong>Circular Urbana<\/strong> de Guimar\u00e3es, perto da sa\u00edda para S. Torcato.<br \/>\nO ve\u00edculo circulava no sentido Fafe-Guimar\u00e3es, quando por volta das 07:20 se despistou acabando por ficar imobilizado nos rails centrais da via, n\u00e3o havendo feridos a registar.<br \/>\nDevido ao derrame de combust\u00edvel e \u00f3leo, foi accionada uma viatura e dois bombeiros para procederem \u00e0 limpeza da via.<br \/>\nNo local esteve ainda a PSP que orientou o tr\u00e2nsito durante as opera\u00e7\u00f5es de limpeza.<\/p>\n<p style=\"text-align: justify;\">\u00a0<\/p>\n<p style=\"text-align: justify;\"><a href=\"http:\/\/www.bv-guimaraes.org\/site\/wp-content\/uploads\/acidente_cami\u00e3o-2.jpg\" data-rel=\"lightbox-gallery-7Betbght\" data-rl_title=\"\" data-rl_caption=\"\"><img loading=\"lazy\" decoding=\"async\" class=\"aligncenter size-full wp-image-4115\" title=\"\" src=\"http:\/\/www.bv-guimaraes.org\/site\/wp-content\/uploads\/acidente_cami\u00e3o-2.jpg\" alt=\"\" width=\"590\" height=\"400\" \/><\/a><\/p>\n<p style=\"text-align: justify;\"><a href=\"http:\/\/www.bv-guimaraes.org\/site\/wp-content\/uploads\/acidente_cami\u00e3o.jpg\" data-rel=\"lightbox-gallery-7Betbght\" data-rl_title=\"\" data-rl_caption=\"\"><img loading=\"lazy\" decoding=\"async\" class=\"aligncenter size-full wp-image-4113\" title=\"\" src=\"http:\/\/www.bv-guimaraes.org\/site\/wp-content\/uploads\/acidente_cami\u00e3o.jpg\" alt=\"\" width=\"590\" height=\"400\" \/><\/a><\/p>\n","protected":false},"excerpt":{"rendered":"<p>Uma viatura pesada despistou-se na manh\u00e3 desta quarta-feira, dia 29, na Circular Urbana de Guimar\u00e3es, perto da sa\u00edda para S. Torcato. O ve\u00edculo circulava no sentido Fafe-Guimar\u00e3es, quando por volta das 07:20 se despistou acabando por ficar imobilizado nos rails<\/p>\n","protected":false},"author":5,"featured_media":0,"comment_status":"open","ping_status":"closed","sticky":false,"template":"","format":"standard","meta":{"ngg_post_thumbnail":0,"footnotes":""},"categories":[4],"tags":[18,92,186,20,384,375],"class_list":["post-4110","post","type-post","status-publish","format-standard","hentry","category-noticias-gerais","tag-bombeiros-voluntarios-de-guimaraes","tag-circular-urbana","tag-circular-urbana-de-guimaraes","tag-despiste","tag-limpeza-de-via","tag-veiculo-pesado"],"_links":{"self":[{"href":"https:\/\/www.bv-guimaraes.org\/site\/wp-json\/wp\/v2\/posts\/4110","targetHints":{"allow":["GET"]}}],"collection":[{"href":"https:\/\/www.bv-guimaraes.org\/site\/wp-json\/wp\/v2\/posts"}],"about":[{"href":"https:\/\/www.bv-guimaraes.org\/site\/wp-json\/wp\/v2\/types\/post"}],"author":[{"embeddable":true,"href":"https:\/\/www.bv-guimaraes.org\/site\/wp-json\/wp\/v2\/users\/5"}],"replies":[{"embeddable":true,"href":"https:\/\/www.bv-guimaraes.org\/site\/wp-json\/wp\/v2\/comments?post=4110"}],"version-history":[{"count":5,"href":"https:\/\/www.bv-guimaraes.org\/site\/wp-json\/wp\/v2\/posts\/4110\/revisions"}],"predecessor-version":[{"id":4118,"href":"https:\/\/www.bv-guimaraes.org\/site\/wp-json\/wp\/v2\/posts\/4110\/revisions\/4118"}],"wp:attachment":[{"href":"https:\/\/www.bv-guimaraes.org\/site\/wp-json\/wp\/v2\/media?parent=4110"}],"wp:term":[{"taxonomy":"category","embeddable":true,"href":"https:\/\/www.bv-guimaraes.org\/site\/wp-json\/wp\/v2\/categories?post=4110"},{"taxonomy":"post_tag","embeddable":true,"href":"https:\/\/www.bv-guimaraes.org\/site\/wp-json\/wp\/v2\/tags?post=4110"}],"curies":[{"name":"wp","href":"https:\/\/api.w.org\/{rel}","templated":true}]}}