{"id":4174,"date":"2011-01-14T15:45:49","date_gmt":"2011-01-14T15:45:49","guid":{"rendered":"http:\/\/www.bv-guimaraes.org\/site\/?p=4174"},"modified":"2011-01-14T19:33:33","modified_gmt":"2011-01-14T19:33:33","slug":"criancas-cantaram-os-reis-nos-bombeiros","status":"publish","type":"post","link":"https:\/\/www.bv-guimaraes.org\/site\/criancas-cantaram-os-reis-nos-bombeiros\/","title":{"rendered":"Crian\u00e7as cantaram os Reis nos Bombeiros"},"content":{"rendered":"<p style=\"text-align: justify;\">Foi um in\u00edcio de tarde diferente aquela que se viveu hoje, dia 14, nos <strong>Bombeiros Volunt\u00e1rios de Guimar\u00e3es<\/strong>, uma tarde colorida e com anima\u00e7\u00e3o.<br \/>\nComo habitualmente acontece todos os anos, um grupo de crian\u00e7as da <strong>Escola EB1\/Jardim de Inf\u00e2ncia de Santa Luzia<\/strong>, cantaram os Reis aos bombeiros presentes no quartel.<br \/>\nFoi um acto simp\u00e1tico que a Direc\u00e7\u00e3o, Comando e Corpo Activo registam, uma vez mais, com agrado.<\/p>\n<p><a href=\"http:\/\/www.bv-guimaraes.org\/site\/wp-content\/uploads\/visita11.jpg\" data-rel=\"lightbox-gallery-e3Vzlut7\" data-rl_title=\"\" data-rl_caption=\"\"><img loading=\"lazy\" decoding=\"async\" class=\"aligncenter size-full wp-image-4181\" title=\"\" src=\"http:\/\/www.bv-guimaraes.org\/site\/wp-content\/uploads\/visita11.jpg\" alt=\"\" width=\"590\" height=\"400\" \/><\/a><a href=\"http:\/\/www.bv-guimaraes.org\/site\/wp-content\/uploads\/visita1.jpg\" data-rel=\"lightbox-gallery-e3Vzlut7\" data-rl_title=\"\" data-rl_caption=\"\" title=\"\"><\/a><\/p>\n","protected":false},"excerpt":{"rendered":"<p>Foi um in\u00edcio de tarde diferente aquela que se viveu hoje, dia 14, nos Bombeiros Volunt\u00e1rios de Guimar\u00e3es, uma tarde colorida e com anima\u00e7\u00e3o. Como habitualmente acontece todos os anos, um grupo de crian\u00e7as da Escola EB1\/Jardim de Inf\u00e2ncia de<\/p>\n","protected":false},"author":5,"featured_media":0,"comment_status":"open","ping_status":"closed","sticky":false,"template":"","format":"standard","meta":{"ngg_post_thumbnail":0,"footnotes":""},"categories":[3],"tags":[18,389,390],"class_list":["post-4174","post","type-post","status-publish","format-standard","hentry","category-noticias-quartel","tag-bombeiros-voluntarios-de-guimaraes","tag-escola-eb1jardim-de-infancia-de-santa-luzia","tag-reis"],"_links":{"self":[{"href":"https:\/\/www.bv-guimaraes.org\/site\/wp-json\/wp\/v2\/posts\/4174","targetHints":{"allow":["GET"]}}],"collection":[{"href":"https:\/\/www.bv-guimaraes.org\/site\/wp-json\/wp\/v2\/posts"}],"about":[{"href":"https:\/\/www.bv-guimaraes.org\/site\/wp-json\/wp\/v2\/types\/post"}],"author":[{"embeddable":true,"href":"https:\/\/www.bv-guimaraes.org\/site\/wp-json\/wp\/v2\/users\/5"}],"replies":[{"embeddable":true,"href":"https:\/\/www.bv-guimaraes.org\/site\/wp-json\/wp\/v2\/comments?post=4174"}],"version-history":[{"count":4,"href":"https:\/\/www.bv-guimaraes.org\/site\/wp-json\/wp\/v2\/posts\/4174\/revisions"}],"predecessor-version":[{"id":4182,"href":"https:\/\/www.bv-guimaraes.org\/site\/wp-json\/wp\/v2\/posts\/4174\/revisions\/4182"}],"wp:attachment":[{"href":"https:\/\/www.bv-guimaraes.org\/site\/wp-json\/wp\/v2\/media?parent=4174"}],"wp:term":[{"taxonomy":"category","embeddable":true,"href":"https:\/\/www.bv-guimaraes.org\/site\/wp-json\/wp\/v2\/categories?post=4174"},{"taxonomy":"post_tag","embeddable":true,"href":"https:\/\/www.bv-guimaraes.org\/site\/wp-json\/wp\/v2\/tags?post=4174"}],"curies":[{"name":"wp","href":"https:\/\/api.w.org\/{rel}","templated":true}]}}