{"id":4201,"date":"2011-01-15T22:03:33","date_gmt":"2011-01-15T22:03:33","guid":{"rendered":"http:\/\/www.bv-guimaraes.org\/site\/?p=4201"},"modified":"2011-01-15T22:06:22","modified_gmt":"2011-01-15T22:06:22","slug":"despiste-na-auto-estrada-a11","status":"publish","type":"post","link":"https:\/\/www.bv-guimaraes.org\/site\/despiste-na-auto-estrada-a11\/","title":{"rendered":"Despiste na auto-estrada A11"},"content":{"rendered":"<p><a href=\"http:\/\/www.bv-guimaraes.org\/site\/wp-content\/uploads\/acidente6.jpg\" data-rel=\"lightbox-gallery-hYK1H81o\" data-rl_title=\"\" data-rl_caption=\"\"><img loading=\"lazy\" decoding=\"async\" class=\"size-full wp-image-4202 alignleft\" title=\"\" src=\"http:\/\/www.bv-guimaraes.org\/site\/wp-content\/uploads\/acidente6.jpg\" alt=\"\" width=\"176\" height=\"126\" \/><\/a><\/p>\n<p style=\"text-align: justify;\">Ao in\u00edcio da noite de hoje, dia 15, pelas 19:51, o <strong>despiste<\/strong> de um ve\u00edculo ligeiro seguido de colis\u00e3o com um outro ve\u00edculo que vinha \u00e0 rectaguarda, na auto-estrada <strong>A11<\/strong>, sentido Guimar\u00e3es \u2013 Braga, ao km 41 que fica situado na freguesia de Brito, provocou ferimentos ligeiros numa mulher de 27 anos.<br \/>\nDe imediato foi accionado para o local uma ambul\u00e2ncia com dois bombeiros, que ap\u00f3s estabiliza\u00e7\u00e3o da v\u00edtima, transportaram-na para o Hospital de Braga.<br \/>\nDurante as opera\u00e7\u00f5es de socorro esteve presente no local uma patrulha da GNR-BT que condicionou uma das vias.<\/p>\n","protected":false},"excerpt":{"rendered":"<p>Ao in\u00edcio da noite de hoje, dia 15, pelas 19:51, o despiste de um ve\u00edculo ligeiro seguido de colis\u00e3o com um outro ve\u00edculo que vinha \u00e0 rectaguarda, na auto-estrada A11, sentido Guimar\u00e3es \u2013 Braga, ao km 41 que fica situado<\/p>\n","protected":false},"author":5,"featured_media":0,"comment_status":"open","ping_status":"closed","sticky":false,"template":"","format":"standard","meta":{"ngg_post_thumbnail":0,"footnotes":""},"categories":[4],"tags":[392,18,34,20,393],"class_list":["post-4201","post","type-post","status-publish","format-standard","hentry","category-noticias-gerais","tag-a11","tag-bombeiros-voluntarios-de-guimaraes","tag-colisao","tag-despiste","tag-hospital-de-braga"],"_links":{"self":[{"href":"https:\/\/www.bv-guimaraes.org\/site\/wp-json\/wp\/v2\/posts\/4201","targetHints":{"allow":["GET"]}}],"collection":[{"href":"https:\/\/www.bv-guimaraes.org\/site\/wp-json\/wp\/v2\/posts"}],"about":[{"href":"https:\/\/www.bv-guimaraes.org\/site\/wp-json\/wp\/v2\/types\/post"}],"author":[{"embeddable":true,"href":"https:\/\/www.bv-guimaraes.org\/site\/wp-json\/wp\/v2\/users\/5"}],"replies":[{"embeddable":true,"href":"https:\/\/www.bv-guimaraes.org\/site\/wp-json\/wp\/v2\/comments?post=4201"}],"version-history":[{"count":5,"href":"https:\/\/www.bv-guimaraes.org\/site\/wp-json\/wp\/v2\/posts\/4201\/revisions"}],"predecessor-version":[{"id":4206,"href":"https:\/\/www.bv-guimaraes.org\/site\/wp-json\/wp\/v2\/posts\/4201\/revisions\/4206"}],"wp:attachment":[{"href":"https:\/\/www.bv-guimaraes.org\/site\/wp-json\/wp\/v2\/media?parent=4201"}],"wp:term":[{"taxonomy":"category","embeddable":true,"href":"https:\/\/www.bv-guimaraes.org\/site\/wp-json\/wp\/v2\/categories?post=4201"},{"taxonomy":"post_tag","embeddable":true,"href":"https:\/\/www.bv-guimaraes.org\/site\/wp-json\/wp\/v2\/tags?post=4201"}],"curies":[{"name":"wp","href":"https:\/\/api.w.org\/{rel}","templated":true}]}}