{"id":4259,"date":"2011-01-24T17:28:50","date_gmt":"2011-01-24T17:28:50","guid":{"rendered":"http:\/\/www.bv-guimaraes.org\/site\/?p=4259"},"modified":"2011-01-24T17:28:50","modified_gmt":"2011-01-24T17:28:50","slug":"despiste-ao-final-da-tarde-de-sabado","status":"publish","type":"post","link":"https:\/\/www.bv-guimaraes.org\/site\/despiste-ao-final-da-tarde-de-sabado\/","title":{"rendered":"Despiste ao final da tarde de s\u00e1bado"},"content":{"rendered":"<p style=\"text-align: justify;\"><a href=\"http:\/\/www.bv-guimaraes.org\/site\/wp-content\/uploads\/acidente6.jpg\" data-rel=\"lightbox-gallery-gjWyisOh\" data-rl_title=\"\" data-rl_caption=\"\"><img loading=\"lazy\" decoding=\"async\" class=\"alignleft size-full wp-image-4202\" title=\"\" src=\"http:\/\/www.bv-guimaraes.org\/site\/wp-content\/uploads\/acidente6.jpg\" alt=\"\" width=\"203\" height=\"135\" srcset=\"https:\/\/www.bv-guimaraes.org\/site\/wp-content\/uploads\/acidente6.jpg 554w, https:\/\/www.bv-guimaraes.org\/site\/wp-content\/uploads\/acidente6-300x199.jpg 300w\" sizes=\"auto, (max-width: 203px) 100vw, 203px\" \/><\/a>Ao final da tarde do passado s\u00e1bado, dia 22, pelas 18:36, o <strong>despiste<\/strong> de um ve\u00edculo ligeiro de passageiros na <strong>Circular Urbana de Guimar\u00e3es<\/strong>, perto da sa\u00edda para Braga, provocou dois feridos.<br \/>\nDe imediato foi accionado para o local duas ambul\u00e2ncias com quatro bombeiros que ap\u00f3s extrac\u00e7\u00e3o e estabiliza\u00e7\u00e3o das v\u00edtimas, dois jovens com 20 e 14 anos, transportaram-nas para o Centro Hospitalar Alto Ave \u2013 Unidade de Guimar\u00e3es.\u00a0 Durante as opera\u00e7\u00f5es de socorro estiveram presentes no local elementos da PSP que condicionaram uma das vias.<\/p>\n","protected":false},"excerpt":{"rendered":"<p>Ao final da tarde do passado s\u00e1bado, dia 22, pelas 18:36, o despiste de um ve\u00edculo ligeiro de passageiros na Circular Urbana de Guimar\u00e3es, perto da sa\u00edda para Braga, provocou dois feridos. De imediato foi accionado para o local duas<\/p>\n","protected":false},"author":5,"featured_media":0,"comment_status":"open","ping_status":"closed","sticky":false,"template":"","format":"standard","meta":{"ngg_post_thumbnail":0,"footnotes":""},"categories":[4],"tags":[18,186,20,47],"class_list":["post-4259","post","type-post","status-publish","format-standard","hentry","category-noticias-gerais","tag-bombeiros-voluntarios-de-guimaraes","tag-circular-urbana-de-guimaraes","tag-despiste","tag-feridos"],"_links":{"self":[{"href":"https:\/\/www.bv-guimaraes.org\/site\/wp-json\/wp\/v2\/posts\/4259","targetHints":{"allow":["GET"]}}],"collection":[{"href":"https:\/\/www.bv-guimaraes.org\/site\/wp-json\/wp\/v2\/posts"}],"about":[{"href":"https:\/\/www.bv-guimaraes.org\/site\/wp-json\/wp\/v2\/types\/post"}],"author":[{"embeddable":true,"href":"https:\/\/www.bv-guimaraes.org\/site\/wp-json\/wp\/v2\/users\/5"}],"replies":[{"embeddable":true,"href":"https:\/\/www.bv-guimaraes.org\/site\/wp-json\/wp\/v2\/comments?post=4259"}],"version-history":[{"count":3,"href":"https:\/\/www.bv-guimaraes.org\/site\/wp-json\/wp\/v2\/posts\/4259\/revisions"}],"predecessor-version":[{"id":4262,"href":"https:\/\/www.bv-guimaraes.org\/site\/wp-json\/wp\/v2\/posts\/4259\/revisions\/4262"}],"wp:attachment":[{"href":"https:\/\/www.bv-guimaraes.org\/site\/wp-json\/wp\/v2\/media?parent=4259"}],"wp:term":[{"taxonomy":"category","embeddable":true,"href":"https:\/\/www.bv-guimaraes.org\/site\/wp-json\/wp\/v2\/categories?post=4259"},{"taxonomy":"post_tag","embeddable":true,"href":"https:\/\/www.bv-guimaraes.org\/site\/wp-json\/wp\/v2\/tags?post=4259"}],"curies":[{"name":"wp","href":"https:\/\/api.w.org\/{rel}","templated":true}]}}