{"id":4310,"date":"2011-02-07T15:41:49","date_gmt":"2011-02-07T15:41:49","guid":{"rendered":"http:\/\/www.bv-guimaraes.org\/site\/?p=4310"},"modified":"2011-02-07T15:43:03","modified_gmt":"2011-02-07T15:43:03","slug":"aparatoso-acidente-no-centro-da-cidade","status":"publish","type":"post","link":"https:\/\/www.bv-guimaraes.org\/site\/aparatoso-acidente-no-centro-da-cidade\/","title":{"rendered":"Aparatoso acidente no centro da cidade"},"content":{"rendered":"<p style=\"text-align: justify;\"><a href=\"http:\/\/www.bv-guimaraes.org\/site\/wp-content\/uploads\/acidente-quartel-3.jpg\" data-rel=\"lightbox-gallery-RHlggtuc\" data-rl_title=\"\" data-rl_caption=\"\" title=\"\"><\/a><a href=\"http:\/\/www.bv-guimaraes.org\/site\/wp-content\/uploads\/acidente-quartel-3.jpg\" data-rel=\"lightbox-gallery-RHlggtuc\" data-rl_title=\"\" data-rl_caption=\"\"><img loading=\"lazy\" decoding=\"async\" class=\"alignleft size-medium wp-image-4311\" title=\"\" src=\"http:\/\/www.bv-guimaraes.org\/site\/wp-content\/uploads\/acidente-quartel-3-300x225.jpg\" alt=\"\" width=\"226\" height=\"165\" \/><\/a>Um acidente entre um ve\u00edculo ligeiro e um pesado provocou um ferido ligeiro, na manh\u00e3 do passado s\u00e1bado, dia 5, na conflu\u00eancia da Alameda Dr. Alfredo Pimenta com a Rua Teixeira de Pascoais.<br \/>\nO cami\u00e3o, proveniente da Alameda Dr. Alfredo Pimenta, embateu na viatura ligeira na rotunda existente perto das instala\u00e7\u00f5es da PSP de Guimar\u00e3es, quando esta se dirigia em direc\u00e7\u00e3o \u00e0 Rua Teixeira de Pascoais.<br \/>\nO alerta foi dado para os Bombeiros de Guimar\u00e3es \u00e0s 09:04, cujo quartel fica em frente ao local do acidente, tendo sido imediatamente accionado uma ambul\u00e2ncia com tr\u00eas bombeiros.<br \/>\nA v\u00edtima do sexo masculino, de 73 anos, sofreu ferimentos ligeiros, tendo ap\u00f3s estabilizada sido transportada ao Centro Hospitalar do Alto Ave, em Guimar\u00e3es.<\/p>\n<p style=\"text-align: justify;\"><a href=\"http:\/\/www.bv-guimaraes.org\/site\/wp-content\/uploads\/acidente-quartel-2.jpg\" data-rel=\"lightbox-gallery-RHlggtuc\" data-rl_title=\"\" data-rl_caption=\"\"><img loading=\"lazy\" decoding=\"async\" class=\"aligncenter size-large wp-image-4315\" title=\"\" src=\"http:\/\/www.bv-guimaraes.org\/site\/wp-content\/uploads\/acidente-quartel-2-1024x769.jpg\" alt=\"\" width=\"590\" height=\"400\" \/><\/a><\/p>\n<p style=\"text-align: justify;\"><a href=\"http:\/\/www.bv-guimaraes.org\/site\/wp-content\/uploads\/acidente-quartel-1.jpg\" data-rel=\"lightbox-gallery-RHlggtuc\" data-rl_title=\"\" data-rl_caption=\"\"><img loading=\"lazy\" decoding=\"async\" class=\"aligncenter size-large wp-image-4313\" title=\"\" src=\"http:\/\/www.bv-guimaraes.org\/site\/wp-content\/uploads\/acidente-quartel-1-1024x769.jpg\" alt=\"\" width=\"590\" height=\"400\" \/><\/a><\/p>\n","protected":false},"excerpt":{"rendered":"<p>Um acidente entre um ve\u00edculo ligeiro e um pesado provocou um ferido ligeiro, na manh\u00e3 do passado s\u00e1bado, dia 5, na conflu\u00eancia da Alameda Dr. Alfredo Pimenta com a Rua Teixeira de Pascoais. O cami\u00e3o, proveniente da Alameda Dr. Alfredo<\/p>\n","protected":false},"author":5,"featured_media":0,"comment_status":"open","ping_status":"closed","sticky":false,"template":"","format":"standard","meta":{"ngg_post_thumbnail":0,"footnotes":""},"categories":[4],"tags":[9,410,18,409,408],"class_list":["post-4310","post","type-post","status-publish","format-standard","hentry","category-noticias-gerais","tag-acidente","tag-alameda-dr-alfredo-pimenta","tag-bombeiros-voluntarios-de-guimaraes","tag-ferido","tag-rua-teixeira-de-pascoais"],"_links":{"self":[{"href":"https:\/\/www.bv-guimaraes.org\/site\/wp-json\/wp\/v2\/posts\/4310","targetHints":{"allow":["GET"]}}],"collection":[{"href":"https:\/\/www.bv-guimaraes.org\/site\/wp-json\/wp\/v2\/posts"}],"about":[{"href":"https:\/\/www.bv-guimaraes.org\/site\/wp-json\/wp\/v2\/types\/post"}],"author":[{"embeddable":true,"href":"https:\/\/www.bv-guimaraes.org\/site\/wp-json\/wp\/v2\/users\/5"}],"replies":[{"embeddable":true,"href":"https:\/\/www.bv-guimaraes.org\/site\/wp-json\/wp\/v2\/comments?post=4310"}],"version-history":[{"count":6,"href":"https:\/\/www.bv-guimaraes.org\/site\/wp-json\/wp\/v2\/posts\/4310\/revisions"}],"predecessor-version":[{"id":4318,"href":"https:\/\/www.bv-guimaraes.org\/site\/wp-json\/wp\/v2\/posts\/4310\/revisions\/4318"}],"wp:attachment":[{"href":"https:\/\/www.bv-guimaraes.org\/site\/wp-json\/wp\/v2\/media?parent=4310"}],"wp:term":[{"taxonomy":"category","embeddable":true,"href":"https:\/\/www.bv-guimaraes.org\/site\/wp-json\/wp\/v2\/categories?post=4310"},{"taxonomy":"post_tag","embeddable":true,"href":"https:\/\/www.bv-guimaraes.org\/site\/wp-json\/wp\/v2\/tags?post=4310"}],"curies":[{"name":"wp","href":"https:\/\/api.w.org\/{rel}","templated":true}]}}