{"id":4353,"date":"2011-02-15T04:54:21","date_gmt":"2011-02-15T04:54:21","guid":{"rendered":"http:\/\/www.bv-guimaraes.org\/site\/?p=4353"},"modified":"2011-02-15T04:54:21","modified_gmt":"2011-02-15T04:54:21","slug":"atropelamento-ao-final-da-tarde","status":"publish","type":"post","link":"https:\/\/www.bv-guimaraes.org\/site\/atropelamento-ao-final-da-tarde\/","title":{"rendered":"Atropelamento ao final da tarde"},"content":{"rendered":"<p style=\"text-align: justify;\"><a href=\"http:\/\/www.bv-guimaraes.org\/site\/wp-content\/uploads\/atropelamento.jpg\" data-rel=\"lightbox-gallery-1YGokZE9\" data-rl_title=\"\" data-rl_caption=\"\"><img loading=\"lazy\" decoding=\"async\" class=\"alignleft size-full wp-image-1158\" title=\"\" src=\"http:\/\/www.bv-guimaraes.org\/site\/wp-content\/uploads\/atropelamento.jpg\" alt=\"\" width=\"172\" height=\"147\" \/><\/a>Um <strong>atropelamento<\/strong> ocorrido na Rua Comandante Jo\u00e3o de Paiva Faria Leite Brand\u00e3o, freguesia de <strong>Polvoreira<\/strong>, provocou um ferido ligeiro, ao final da tarde de ontem, dia 14.<br \/>\nO alerta foi dado \u00e0s 19:32, tendo sido de imediato accionado uma ambul\u00e2ncia com dois bombeiros.<br \/>\nNo local, a tripula\u00e7\u00e3o da ambul\u00e2ncia verificou que a v\u00edtima, um homem com 63 anos, apresentava uma fractura da perna direita, tendo ap\u00f3s estabiliza\u00e7\u00e3o sido transportado para o Centro Hospitalar do Alto Ave, em Guimar\u00e3es.<\/p>\n","protected":false},"excerpt":{"rendered":"<p>Um atropelamento ocorrido na Rua Comandante Jo\u00e3o de Paiva Faria Leite Brand\u00e3o, freguesia de Polvoreira, provocou um ferido ligeiro, ao final da tarde de ontem, dia 14. O alerta foi dado \u00e0s 19:32, tendo sido de imediato accionado uma ambul\u00e2ncia<\/p>\n","protected":false},"author":5,"featured_media":0,"comment_status":"open","ping_status":"closed","sticky":false,"template":"","format":"standard","meta":{"ngg_post_thumbnail":0,"footnotes":""},"categories":[4],"tags":[101,18,409,38],"class_list":["post-4353","post","type-post","status-publish","format-standard","hentry","category-noticias-gerais","tag-atropelamento","tag-bombeiros-voluntarios-de-guimaraes","tag-ferido","tag-polvoreira"],"_links":{"self":[{"href":"https:\/\/www.bv-guimaraes.org\/site\/wp-json\/wp\/v2\/posts\/4353","targetHints":{"allow":["GET"]}}],"collection":[{"href":"https:\/\/www.bv-guimaraes.org\/site\/wp-json\/wp\/v2\/posts"}],"about":[{"href":"https:\/\/www.bv-guimaraes.org\/site\/wp-json\/wp\/v2\/types\/post"}],"author":[{"embeddable":true,"href":"https:\/\/www.bv-guimaraes.org\/site\/wp-json\/wp\/v2\/users\/5"}],"replies":[{"embeddable":true,"href":"https:\/\/www.bv-guimaraes.org\/site\/wp-json\/wp\/v2\/comments?post=4353"}],"version-history":[{"count":3,"href":"https:\/\/www.bv-guimaraes.org\/site\/wp-json\/wp\/v2\/posts\/4353\/revisions"}],"predecessor-version":[{"id":4356,"href":"https:\/\/www.bv-guimaraes.org\/site\/wp-json\/wp\/v2\/posts\/4353\/revisions\/4356"}],"wp:attachment":[{"href":"https:\/\/www.bv-guimaraes.org\/site\/wp-json\/wp\/v2\/media?parent=4353"}],"wp:term":[{"taxonomy":"category","embeddable":true,"href":"https:\/\/www.bv-guimaraes.org\/site\/wp-json\/wp\/v2\/categories?post=4353"},{"taxonomy":"post_tag","embeddable":true,"href":"https:\/\/www.bv-guimaraes.org\/site\/wp-json\/wp\/v2\/tags?post=4353"}],"curies":[{"name":"wp","href":"https:\/\/api.w.org\/{rel}","templated":true}]}}