{"id":4613,"date":"2011-03-17T06:47:12","date_gmt":"2011-03-17T06:47:12","guid":{"rendered":"http:\/\/www.bv-guimaraes.org\/site\/?p=4613"},"modified":"2011-03-17T06:49:49","modified_gmt":"2011-03-17T06:49:49","slug":"homem-suicida-se-em-silvares","status":"publish","type":"post","link":"https:\/\/www.bv-guimaraes.org\/site\/homem-suicida-se-em-silvares\/","title":{"rendered":"Homem suicida-se em Silvares"},"content":{"rendered":"<p style=\"text-align: justify;\"><a href=\"http:\/\/www.bv-guimaraes.org\/site\/wp-content\/uploads\/viatura.jpg\" data-rel=\"lightbox-gallery-8onYWTjq\" data-rl_title=\"\" data-rl_caption=\"\"><img loading=\"lazy\" decoding=\"async\" class=\"alignleft size-full wp-image-1883\" title=\"\" src=\"http:\/\/www.bv-guimaraes.org\/site\/wp-content\/uploads\/viatura.jpg\" alt=\"\" width=\"184\" height=\"184\" srcset=\"https:\/\/www.bv-guimaraes.org\/site\/wp-content\/uploads\/viatura.jpg 250w, https:\/\/www.bv-guimaraes.org\/site\/wp-content\/uploads\/viatura-150x150.jpg 150w\" sizes=\"auto, (max-width: 184px) 100vw, 184px\" \/><\/a>Um homem de 65 anos <strong>enforcou-se<\/strong> ao final da manh\u00e3 do dia de ontem, dia 16, na Rua da Agrela, na freguesia de <strong>Silvares<\/strong>.<br \/>\nO alerta foi dado \u00e0s 12:37, sendo de imediato accionado uma ambul\u00e2ncia com dois bombeiros. No local verificou-se que a v\u00edtima j\u00e1 se encontrava cad\u00e1ver, apresentando inclusive sinais de alguma rigidez, limitando-se os bombeiros accionar a GNR.<br \/>\nPosteriormente uma segunda ambul\u00e2ncia foi accionada no sentido de efectuar o transporte da v\u00edtima para a morgue do Centro Hospitalar Alto Ave \u2013 Unidade de Guimar\u00e3es.<\/p>\n","protected":false},"excerpt":{"rendered":"<p>Um homem de 65 anos enforcou-se ao final da manh\u00e3 do dia de ontem, dia 16, na Rua da Agrela, na freguesia de Silvares. O alerta foi dado \u00e0s 12:37, sendo de imediato accionado uma ambul\u00e2ncia com dois bombeiros. No<\/p>\n","protected":false},"author":5,"featured_media":0,"comment_status":"open","ping_status":"closed","sticky":false,"template":"","format":"standard","meta":{"ngg_post_thumbnail":0,"footnotes":""},"categories":[4],"tags":[18,338,149,456,116],"class_list":["post-4613","post","type-post","status-publish","format-standard","hentry","category-noticias-gerais","tag-bombeiros-voluntarios-de-guimaraes","tag-enforcamento","tag-silvares","tag-suicidio","tag-vmer"],"_links":{"self":[{"href":"https:\/\/www.bv-guimaraes.org\/site\/wp-json\/wp\/v2\/posts\/4613","targetHints":{"allow":["GET"]}}],"collection":[{"href":"https:\/\/www.bv-guimaraes.org\/site\/wp-json\/wp\/v2\/posts"}],"about":[{"href":"https:\/\/www.bv-guimaraes.org\/site\/wp-json\/wp\/v2\/types\/post"}],"author":[{"embeddable":true,"href":"https:\/\/www.bv-guimaraes.org\/site\/wp-json\/wp\/v2\/users\/5"}],"replies":[{"embeddable":true,"href":"https:\/\/www.bv-guimaraes.org\/site\/wp-json\/wp\/v2\/comments?post=4613"}],"version-history":[{"count":5,"href":"https:\/\/www.bv-guimaraes.org\/site\/wp-json\/wp\/v2\/posts\/4613\/revisions"}],"predecessor-version":[{"id":4617,"href":"https:\/\/www.bv-guimaraes.org\/site\/wp-json\/wp\/v2\/posts\/4613\/revisions\/4617"}],"wp:attachment":[{"href":"https:\/\/www.bv-guimaraes.org\/site\/wp-json\/wp\/v2\/media?parent=4613"}],"wp:term":[{"taxonomy":"category","embeddable":true,"href":"https:\/\/www.bv-guimaraes.org\/site\/wp-json\/wp\/v2\/categories?post=4613"},{"taxonomy":"post_tag","embeddable":true,"href":"https:\/\/www.bv-guimaraes.org\/site\/wp-json\/wp\/v2\/tags?post=4613"}],"curies":[{"name":"wp","href":"https:\/\/api.w.org\/{rel}","templated":true}]}}