{"id":4705,"date":"2011-04-01T09:29:22","date_gmt":"2011-04-01T09:29:22","guid":{"rendered":"http:\/\/www.bv-guimaraes.org\/site\/?p=4705"},"modified":"2011-04-01T09:29:22","modified_gmt":"2011-04-01T09:29:22","slug":"tentativa-de-su","status":"publish","type":"post","link":"https:\/\/www.bv-guimaraes.org\/site\/tentativa-de-su\/","title":{"rendered":"Tentativa de suic\u00eddio na Circular Urbana"},"content":{"rendered":"<p style=\"text-align: justify;\"><a href=\"http:\/\/www.bv-guimaraes.org\/site\/wp-content\/uploads\/atropelamento.jpg\" data-rel=\"lightbox-gallery-DR1x1L4F\" data-rl_title=\"\" data-rl_caption=\"\"><img loading=\"lazy\" decoding=\"async\" class=\"alignleft size-full wp-image-1158\" title=\"\" src=\"http:\/\/www.bv-guimaraes.org\/site\/wp-content\/uploads\/atropelamento.jpg\" alt=\"\" width=\"181\" height=\"171\" \/><\/a>Um homem, de 48 anos, tentou p\u00f4r termo \u00e0 vida, durante a madrugada desta sexta-feira, ao saltar de um viaduto, situado junto da sa\u00edda para Mes\u00e3o Frio, na <strong>Circular Urbana de Guimar\u00e3es<\/strong>.<br \/>\nO alerta chegou ao quartel pelas 6:10, tendo sido enviado para o local uma ambul\u00e2ncia com dois bombeiros que contaram ainda com o apoio da VMER de Guimar\u00e3es.<br \/>\nApesar da altura consider\u00e1vel do viaduto, a v\u00edtima acabou por sofrer apenas ferimentos na face, coluna e membros inferiores, que ap\u00f3s estabilizada no local foi transportada para o Centro Hospitalar Alto Ave &#8211; Unidade de Guimar\u00e3es.<\/p>\n","protected":false},"excerpt":{"rendered":"<p>Um homem, de 48 anos, tentou p\u00f4r termo \u00e0 vida, durante a madrugada desta sexta-feira, ao saltar de um viaduto, situado junto da sa\u00edda para Mes\u00e3o Frio, na Circular Urbana de Guimar\u00e3es. O alerta chegou ao quartel pelas 6:10, tendo<\/p>\n","protected":false},"author":5,"featured_media":0,"comment_status":"open","ping_status":"closed","sticky":false,"template":"","format":"standard","meta":{"ngg_post_thumbnail":0,"footnotes":""},"categories":[4],"tags":[18,427,186,86,456,116],"class_list":["post-4705","post","type-post","status-publish","format-standard","hentry","category-noticias-gerais","tag-bombeiros-voluntarios-de-guimaraes","tag-centro-hospitalar-alto-ave--unidade-de-guimaraes","tag-circular-urbana-de-guimaraes","tag-mesao-frio","tag-suicidio","tag-vmer"],"_links":{"self":[{"href":"https:\/\/www.bv-guimaraes.org\/site\/wp-json\/wp\/v2\/posts\/4705","targetHints":{"allow":["GET"]}}],"collection":[{"href":"https:\/\/www.bv-guimaraes.org\/site\/wp-json\/wp\/v2\/posts"}],"about":[{"href":"https:\/\/www.bv-guimaraes.org\/site\/wp-json\/wp\/v2\/types\/post"}],"author":[{"embeddable":true,"href":"https:\/\/www.bv-guimaraes.org\/site\/wp-json\/wp\/v2\/users\/5"}],"replies":[{"embeddable":true,"href":"https:\/\/www.bv-guimaraes.org\/site\/wp-json\/wp\/v2\/comments?post=4705"}],"version-history":[{"count":5,"href":"https:\/\/www.bv-guimaraes.org\/site\/wp-json\/wp\/v2\/posts\/4705\/revisions"}],"predecessor-version":[{"id":4710,"href":"https:\/\/www.bv-guimaraes.org\/site\/wp-json\/wp\/v2\/posts\/4705\/revisions\/4710"}],"wp:attachment":[{"href":"https:\/\/www.bv-guimaraes.org\/site\/wp-json\/wp\/v2\/media?parent=4705"}],"wp:term":[{"taxonomy":"category","embeddable":true,"href":"https:\/\/www.bv-guimaraes.org\/site\/wp-json\/wp\/v2\/categories?post=4705"},{"taxonomy":"post_tag","embeddable":true,"href":"https:\/\/www.bv-guimaraes.org\/site\/wp-json\/wp\/v2\/tags?post=4705"}],"curies":[{"name":"wp","href":"https:\/\/api.w.org\/{rel}","templated":true}]}}