{"id":4725,"date":"2011-04-12T07:36:39","date_gmt":"2011-04-12T07:36:39","guid":{"rendered":"http:\/\/www.bv-guimaraes.org\/site\/?p=4725"},"modified":"2011-04-12T07:36:39","modified_gmt":"2011-04-12T07:36:39","slug":"incendios-em-ronfe-e-aldao","status":"publish","type":"post","link":"https:\/\/www.bv-guimaraes.org\/site\/incendios-em-ronfe-e-aldao\/","title":{"rendered":"Inc\u00eandios em Ronfe e Ald\u00e3o"},"content":{"rendered":"<p style=\"text-align: justify;\"><a href=\"http:\/\/www.bv-guimaraes.org\/site\/wp-content\/uploads\/florestal.jpg\" data-rel=\"lightbox-gallery-INmk7DOD\" data-rl_title=\"\" data-rl_caption=\"\"><img loading=\"lazy\" decoding=\"async\" class=\"alignleft size-full wp-image-4726\" title=\"\" src=\"http:\/\/www.bv-guimaraes.org\/site\/wp-content\/uploads\/florestal.jpg\" alt=\"\" width=\"208\" height=\"145\" \/><\/a>Dois<strong> inc\u00eandios<\/strong> deflagraram na tarde de ontem, dia 11, na nossa \u00e1rea de actua\u00e7\u00e3o.<\/p>\n<p style=\"text-align: justify;\">Pelas 14:54, era dado o alerta para um inc\u00eandio no Lugar de Monte Alvar, na freguesia de <strong>Ronfe<\/strong>. Imediatamente foi accionada uma viatura de inc\u00eandio com tr\u00eas bombeiros. As chamas consumiram um total de 2000 metros quadrados de mato, tendo o inc\u00eandio sido dado como extinto pelas 18:00.<\/p>\n<p style=\"text-align: justify;\">\u00c0s 18:35 era dado o alerta para um segundo inc\u00eandio na Quinta de Ald\u00e3o, freguesia de <strong>Ald\u00e3o<\/strong>.<br \/>\nImediatamente foi accionada uma viatura de inc\u00eandio com tr\u00eas bombeiros. No entanto, devido \u00e0 extens\u00e3o que o inc\u00eandio j\u00e1 tinha, foi necess\u00e1rio refor\u00e7ar os meios no local com mais tr\u00eas viaturas e cinco bombeiros.<br \/>\nO inc\u00eandio foi dado como extinto pelas 23:25, tendo ardido uma \u00e1rea de seis mil metros quadrados.<\/p>\n","protected":false},"excerpt":{"rendered":"<p>Dois inc\u00eandios deflagraram na tarde de ontem, dia 11, na nossa \u00e1rea de actua\u00e7\u00e3o. Pelas 14:54, era dado o alerta para um inc\u00eandio no Lugar de Monte Alvar, na freguesia de Ronfe. Imediatamente foi accionada uma viatura de inc\u00eandio com<\/p>\n","protected":false},"author":5,"featured_media":0,"comment_status":"open","ping_status":"closed","sticky":false,"template":"","format":"standard","meta":{"ngg_post_thumbnail":0,"footnotes":""},"categories":[4],"tags":[230,18,30,118],"class_list":["post-4725","post","type-post","status-publish","format-standard","hentry","category-noticias-gerais","tag-aldao","tag-bombeiros-voluntarios-de-guimaraes","tag-incendios-florestais","tag-ronfe"],"_links":{"self":[{"href":"https:\/\/www.bv-guimaraes.org\/site\/wp-json\/wp\/v2\/posts\/4725","targetHints":{"allow":["GET"]}}],"collection":[{"href":"https:\/\/www.bv-guimaraes.org\/site\/wp-json\/wp\/v2\/posts"}],"about":[{"href":"https:\/\/www.bv-guimaraes.org\/site\/wp-json\/wp\/v2\/types\/post"}],"author":[{"embeddable":true,"href":"https:\/\/www.bv-guimaraes.org\/site\/wp-json\/wp\/v2\/users\/5"}],"replies":[{"embeddable":true,"href":"https:\/\/www.bv-guimaraes.org\/site\/wp-json\/wp\/v2\/comments?post=4725"}],"version-history":[{"count":6,"href":"https:\/\/www.bv-guimaraes.org\/site\/wp-json\/wp\/v2\/posts\/4725\/revisions"}],"predecessor-version":[{"id":4732,"href":"https:\/\/www.bv-guimaraes.org\/site\/wp-json\/wp\/v2\/posts\/4725\/revisions\/4732"}],"wp:attachment":[{"href":"https:\/\/www.bv-guimaraes.org\/site\/wp-json\/wp\/v2\/media?parent=4725"}],"wp:term":[{"taxonomy":"category","embeddable":true,"href":"https:\/\/www.bv-guimaraes.org\/site\/wp-json\/wp\/v2\/categories?post=4725"},{"taxonomy":"post_tag","embeddable":true,"href":"https:\/\/www.bv-guimaraes.org\/site\/wp-json\/wp\/v2\/tags?post=4725"}],"curies":[{"name":"wp","href":"https:\/\/api.w.org\/{rel}","templated":true}]}}