{"id":4967,"date":"2011-07-22T18:10:30","date_gmt":"2011-07-22T18:10:30","guid":{"rendered":"http:\/\/www.bv-guimaraes.org\/site\/?p=4967"},"modified":"2011-07-22T18:14:27","modified_gmt":"2011-07-22T18:14:27","slug":"criancas-visitam-os-bombeiros-2","status":"publish","type":"post","link":"https:\/\/www.bv-guimaraes.org\/site\/criancas-visitam-os-bombeiros-2\/","title":{"rendered":"Crian\u00e7as visitam os bombeiros"},"content":{"rendered":"<p style=\"text-align: justify;\">Mais uma vez os Bombeiros Volunt\u00e1rios de Guimar\u00e3es abriram a sua casa e deram-se a conhecer aos mais novos. Foram alguns os infant\u00e1rios e institui\u00e7\u00f5es que nas \u00faltimas semanas visitaram as instala\u00e7\u00f5es dos bombeiros.<br \/>\nA Direc\u00e7\u00e3o e o Comando dos Bombeiros Volunt\u00e1rios de Guimar\u00e3es registaram esta visita como uma forma muito importante de promover a actividade dos Bombeiros, incentivando o esp\u00edrito de entreajuda e o voluntariado jovem.<\/p>\n<p><span style=\"font-size: large;\">Patronato S. Sebasti\u00e3o <\/span><\/p>\n<p><a href=\"http:\/\/www.bv-guimaraes.org\/site\/wp-content\/uploads\/S.-Sebasti\u00e3o-3.jpg\" data-rel=\"lightbox-gallery-1PiSrP8R\" data-rl_title=\"\" data-rl_caption=\"\"><img loading=\"lazy\" decoding=\"async\" class=\"aligncenter size-large wp-image-4968\" title=\"\" src=\"http:\/\/www.bv-guimaraes.org\/site\/wp-content\/uploads\/S.-Sebasti\u00e3o-3-1024x768.jpg\" alt=\"\" width=\"590\" height=\"400\" \/><\/a><\/p>\n<p><a href=\"http:\/\/www.bv-guimaraes.org\/site\/wp-content\/uploads\/S.-Sebasti\u00e3o-2.jpg\" data-rel=\"lightbox-gallery-1PiSrP8R\" data-rl_title=\"\" data-rl_caption=\"\"><img loading=\"lazy\" decoding=\"async\" class=\"aligncenter size-large wp-image-4969\" title=\"\" src=\"http:\/\/www.bv-guimaraes.org\/site\/wp-content\/uploads\/S.-Sebasti\u00e3o-2-1024x768.jpg\" alt=\"\" width=\"590\" height=\"400\" \/><\/a><\/p>\n<p><a href=\"http:\/\/www.bv-guimaraes.org\/site\/wp-content\/uploads\/S.-Sebasti\u00e3o-1.jpg\" data-rel=\"lightbox-gallery-1PiSrP8R\" data-rl_title=\"\" data-rl_caption=\"\"><img loading=\"lazy\" decoding=\"async\" class=\"aligncenter size-large wp-image-4977\" title=\"\" src=\"http:\/\/www.bv-guimaraes.org\/site\/wp-content\/uploads\/S.-Sebasti\u00e3o-1-1024x768.jpg\" alt=\"\" width=\"590\" height=\"400\" \/><\/a><\/p>\n<p><span style=\"font-size: large;\">EB1\/JI Nossa Senhora da Concei\u00e7\u00e3o<\/span><\/p>\n<p><strong><a href=\"http:\/\/www.bv-guimaraes.org\/site\/wp-content\/uploads\/foto-visita-ao-quartel-infantario-sr.-concei\u00e7\u00e3o.jpg\" data-rel=\"lightbox-gallery-1PiSrP8R\" data-rl_title=\"\" data-rl_caption=\"\"><img loading=\"lazy\" decoding=\"async\" class=\"aligncenter size-full wp-image-4981\" title=\"\" src=\"http:\/\/www.bv-guimaraes.org\/site\/wp-content\/uploads\/foto-visita-ao-quartel-infantario-sr.-concei\u00e7\u00e3o.jpg\" alt=\"\" width=\"590\" height=\"400\" \/><\/a><br \/>\n<\/strong><\/p>\n<p><span style=\"font-size: large;\">Jardim de Inf\u00e2ncia de Candoso S. Tiago<\/span><\/p>\n<p><strong><a href=\"http:\/\/www.bv-guimaraes.org\/site\/wp-content\/uploads\/Candoso-S.-Tiago-1.jpg\" data-rel=\"lightbox-gallery-1PiSrP8R\" data-rl_title=\"\" data-rl_caption=\"\"><img loading=\"lazy\" decoding=\"async\" class=\"aligncenter size-large wp-image-4987\" title=\"\" src=\"http:\/\/www.bv-guimaraes.org\/site\/wp-content\/uploads\/Candoso-S.-Tiago-1-1024x768.jpg\" alt=\"\" width=\"590\" height=\"400\" \/><\/a><\/strong><\/p>\n<p><strong><a href=\"http:\/\/www.bv-guimaraes.org\/site\/wp-content\/uploads\/Candoso-S.-Tiago-2.jpg\" data-rel=\"lightbox-gallery-1PiSrP8R\" data-rl_title=\"\" data-rl_caption=\"\"><img loading=\"lazy\" decoding=\"async\" class=\"aligncenter size-large wp-image-4988\" title=\"\" src=\"http:\/\/www.bv-guimaraes.org\/site\/wp-content\/uploads\/Candoso-S.-Tiago-2-1024x768.jpg\" alt=\"\" width=\"590\" height=\"400\" \/><\/a><\/strong><\/p>\n<p><strong><a href=\"http:\/\/www.bv-guimaraes.org\/site\/wp-content\/uploads\/Candoso-S.-Tiago-3.jpg\" data-rel=\"lightbox-gallery-1PiSrP8R\" data-rl_title=\"\" data-rl_caption=\"\"><img loading=\"lazy\" decoding=\"async\" class=\"aligncenter size-large wp-image-4990\" title=\"\" src=\"http:\/\/www.bv-guimaraes.org\/site\/wp-content\/uploads\/Candoso-S.-Tiago-3-1024x768.jpg\" alt=\"\" width=\"590\" height=\"400\" \/><\/a><br \/>\n<\/strong><\/p>\n","protected":false},"excerpt":{"rendered":"<p>Mais uma vez os Bombeiros Volunt\u00e1rios de Guimar\u00e3es abriram a sua casa e deram-se a conhecer aos mais novos. Foram alguns os infant\u00e1rios e institui\u00e7\u00f5es que nas \u00faltimas semanas visitaram as instala\u00e7\u00f5es dos bombeiros. A Direc\u00e7\u00e3o e o Comando dos<\/p>\n","protected":false},"author":5,"featured_media":0,"comment_status":"open","ping_status":"closed","sticky":false,"template":"","format":"standard","meta":{"ngg_post_thumbnail":0,"footnotes":""},"categories":[3],"tags":[18,495,496,494],"class_list":["post-4967","post","type-post","status-publish","format-standard","hentry","category-noticias-quartel","tag-bombeiros-voluntarios-de-guimaraes","tag-eb1ji-nossa-senhora-da-conceicao","tag-jardim-de-infancia-de-candoso-s-tiago","tag-patronato-de-s-sebastiao"],"_links":{"self":[{"href":"https:\/\/www.bv-guimaraes.org\/site\/wp-json\/wp\/v2\/posts\/4967","targetHints":{"allow":["GET"]}}],"collection":[{"href":"https:\/\/www.bv-guimaraes.org\/site\/wp-json\/wp\/v2\/posts"}],"about":[{"href":"https:\/\/www.bv-guimaraes.org\/site\/wp-json\/wp\/v2\/types\/post"}],"author":[{"embeddable":true,"href":"https:\/\/www.bv-guimaraes.org\/site\/wp-json\/wp\/v2\/users\/5"}],"replies":[{"embeddable":true,"href":"https:\/\/www.bv-guimaraes.org\/site\/wp-json\/wp\/v2\/comments?post=4967"}],"version-history":[{"count":21,"href":"https:\/\/www.bv-guimaraes.org\/site\/wp-json\/wp\/v2\/posts\/4967\/revisions"}],"predecessor-version":[{"id":4994,"href":"https:\/\/www.bv-guimaraes.org\/site\/wp-json\/wp\/v2\/posts\/4967\/revisions\/4994"}],"wp:attachment":[{"href":"https:\/\/www.bv-guimaraes.org\/site\/wp-json\/wp\/v2\/media?parent=4967"}],"wp:term":[{"taxonomy":"category","embeddable":true,"href":"https:\/\/www.bv-guimaraes.org\/site\/wp-json\/wp\/v2\/categories?post=4967"},{"taxonomy":"post_tag","embeddable":true,"href":"https:\/\/www.bv-guimaraes.org\/site\/wp-json\/wp\/v2\/tags?post=4967"}],"curies":[{"name":"wp","href":"https:\/\/api.w.org\/{rel}","templated":true}]}}