{"id":5134,"date":"2011-10-25T07:53:10","date_gmt":"2011-10-25T07:53:10","guid":{"rendered":"http:\/\/www.bv-guimaraes.org\/site\/?p=5134"},"modified":"2011-10-25T07:53:10","modified_gmt":"2011-10-25T07:53:10","slug":"convivio-de-operadores-de-central-do-distrito-de-braga","status":"publish","type":"post","link":"https:\/\/www.bv-guimaraes.org\/site\/convivio-de-operadores-de-central-do-distrito-de-braga\/","title":{"rendered":"Conv\u00edvio de Operadores de Central do Distrito de Braga"},"content":{"rendered":"<p style=\"text-align: justify;\"><a href=\"http:\/\/www.bv-guimaraes.org\/site\/wp-content\/uploads\/conv\u00edvio_central.jpg\" data-rel=\"lightbox-gallery-WBa1Ck9j\" data-rl_title=\"\" data-rl_caption=\"\"><img loading=\"lazy\" decoding=\"async\" class=\"alignleft size-medium wp-image-5135\" title=\"\" src=\"http:\/\/www.bv-guimaraes.org\/site\/wp-content\/uploads\/conv\u00edvio_central-300x225.jpg\" alt=\"\" width=\"227\" height=\"170\" srcset=\"https:\/\/www.bv-guimaraes.org\/site\/wp-content\/uploads\/conv\u00edvio_central-300x225.jpg 300w, https:\/\/www.bv-guimaraes.org\/site\/wp-content\/uploads\/conv\u00edvio_central.jpg 640w\" sizes=\"auto, (max-width: 227px) 100vw, 227px\" \/><\/a>Realizou-se no passado dia 22 de Outubro em Cabeceiras de Basto, o j\u00e1 tradicional conv\u00edvio dos Operadores de Central do Distrito de Braga.<br \/>\nA organiza\u00e7\u00e3o deste 8\u00ba conv\u00edvio esteve a cargo dos Bombeiros Volunt\u00e1rios Cabeceirenses que nos proporcionou uma visita guiada a alguns locais de interesse do concelho de Cabeceiras de Basto, nomeadamente o Museu Ferrovi\u00e1rio de Arco de Ba\u00falhe, Mosteiro de S. Miguel de Refojos e Centro H\u00edpico. No final desta visita pelo concelho de Cabeceiras, seguiu-se um jantar e consequentemente entrega de lembran\u00e7as.<br \/>\nOs Bombeiros Volunt\u00e1rios de Guimar\u00e3es, fizeram-se representar por tr\u00eas bombeiros.<br \/>\nA t\u00edtulo de curiosidade o 9\u00ba conv\u00edvio a realizar-se no pr\u00f3ximo ano, estar\u00e1 a cargo dos Bombeiros Volunt\u00e1rios de Vieira do Minho.<\/p>\n","protected":false},"excerpt":{"rendered":"<p>Realizou-se no passado dia 22 de Outubro em Cabeceiras de Basto, o j\u00e1 tradicional conv\u00edvio dos Operadores de Central do Distrito de Braga. A organiza\u00e7\u00e3o deste 8\u00ba conv\u00edvio esteve a cargo dos Bombeiros Volunt\u00e1rios Cabeceirenses que nos proporcionou uma visita<\/p>\n","protected":false},"author":5,"featured_media":0,"comment_status":"open","ping_status":"closed","sticky":false,"template":"","format":"standard","meta":{"ngg_post_thumbnail":0,"footnotes":""},"categories":[3],"tags":[509,18,156],"class_list":["post-5134","post","type-post","status-publish","format-standard","hentry","category-noticias-quartel","tag-bombeiros-voluntarios-cabeceirenses","tag-bombeiros-voluntarios-de-guimaraes","tag-operador-de-central"],"_links":{"self":[{"href":"https:\/\/www.bv-guimaraes.org\/site\/wp-json\/wp\/v2\/posts\/5134","targetHints":{"allow":["GET"]}}],"collection":[{"href":"https:\/\/www.bv-guimaraes.org\/site\/wp-json\/wp\/v2\/posts"}],"about":[{"href":"https:\/\/www.bv-guimaraes.org\/site\/wp-json\/wp\/v2\/types\/post"}],"author":[{"embeddable":true,"href":"https:\/\/www.bv-guimaraes.org\/site\/wp-json\/wp\/v2\/users\/5"}],"replies":[{"embeddable":true,"href":"https:\/\/www.bv-guimaraes.org\/site\/wp-json\/wp\/v2\/comments?post=5134"}],"version-history":[{"count":2,"href":"https:\/\/www.bv-guimaraes.org\/site\/wp-json\/wp\/v2\/posts\/5134\/revisions"}],"predecessor-version":[{"id":5137,"href":"https:\/\/www.bv-guimaraes.org\/site\/wp-json\/wp\/v2\/posts\/5134\/revisions\/5137"}],"wp:attachment":[{"href":"https:\/\/www.bv-guimaraes.org\/site\/wp-json\/wp\/v2\/media?parent=5134"}],"wp:term":[{"taxonomy":"category","embeddable":true,"href":"https:\/\/www.bv-guimaraes.org\/site\/wp-json\/wp\/v2\/categories?post=5134"},{"taxonomy":"post_tag","embeddable":true,"href":"https:\/\/www.bv-guimaraes.org\/site\/wp-json\/wp\/v2\/tags?post=5134"}],"curies":[{"name":"wp","href":"https:\/\/api.w.org\/{rel}","templated":true}]}}