{"id":5206,"date":"2011-11-14T07:37:32","date_gmt":"2011-11-14T07:37:32","guid":{"rendered":"http:\/\/www.bv-guimaraes.org\/site\/?p=5206"},"modified":"2011-11-14T13:15:41","modified_gmt":"2011-11-14T13:15:41","slug":"incendio-provoca-uma-vitima-mortal","status":"publish","type":"post","link":"https:\/\/www.bv-guimaraes.org\/site\/incendio-provoca-uma-vitima-mortal\/","title":{"rendered":"Inc\u00eandio provoca uma v\u00edtima mortal"},"content":{"rendered":"<p style=\"text-align: justify;\"><a href=\"http:\/\/www.bv-guimaraes.org\/site\/wp-content\/uploads\/incendio_colch\u00e3o.jpg\" data-rel=\"lightbox-gallery-jq7U0e3D\" data-rl_title=\"\" data-rl_caption=\"\"><img loading=\"lazy\" decoding=\"async\" class=\"alignleft size-full wp-image-5209\" title=\"\" src=\"http:\/\/www.bv-guimaraes.org\/site\/wp-content\/uploads\/incendio_colch\u00e3o.jpg\" alt=\"\" width=\"192\" height=\"144\" \/><\/a>Um homem de 68 anos morreu esta madrugada, dia 14, na sequ\u00eancia de um inc\u00eandio que destru\u00edu o quarto da habita\u00e7\u00e3o onde vivia, na Rua da Agrela, em Silvares.<br \/>\nO alerta foi dado \u00e0s 04:21, tendo sido accionado para o local uma viatura de inc\u00eandio e uma ambul\u00e2ncia com nove bombeiros, j\u00e1 que havia a suspeita de haver uma v\u00edtima no interior da habita\u00e7\u00e3o.<br \/>\nAp\u00f3s chegada ao local e enquanto se procedia \u00e0 extin\u00e7\u00e3o do inc\u00eandio, uma equipa de busca e salvamento encontrou e retirou para fora da habita\u00e7\u00e3o a v\u00edtima que j\u00e1 se encontrava em paragem c\u00e1rdio-respirat\u00f3ria. Iniciou-se imediatamente o protocolo de suporte b\u00e1sico de vida e pedindo o apoio da VMER de Guimar\u00e3es que ap\u00f3s chegar ao local acabou por confirmar o \u00f3bito.<br \/>\nApesar da r\u00e1pida interven\u00e7\u00e3o, o inc\u00eandio destruiu por completo todo o recheio que se encontrava no quarto, tendo a ac\u00e7\u00e3o do fumo e calor provocado ainda danos nas restantes divis\u00f5es da habita\u00e7\u00e3o.<br \/>\nPosteriormente uma segunda ambul\u00e2ncia com tr\u00eas bombeiros transportou a v\u00edtima para a morgue do Centro Hospitalar Alto Ave &#8211; Unidade de Guimar\u00e3es.<\/p>\n","protected":false},"excerpt":{"rendered":"<p>Um homem de 68 anos morreu esta madrugada, dia 14, na sequ\u00eancia de um inc\u00eandio que destru\u00edu o quarto da habita\u00e7\u00e3o onde vivia, na Rua da Agrela, em Silvares. O alerta foi dado \u00e0s 04:21, tendo sido accionado para o<\/p>\n","protected":false},"author":5,"featured_media":0,"comment_status":"open","ping_status":"closed","sticky":false,"template":"","format":"standard","meta":{"ngg_post_thumbnail":0,"footnotes":""},"categories":[4],"tags":[18,22,149,74],"class_list":["post-5206","post","type-post","status-publish","format-standard","hentry","category-noticias-gerais","tag-bombeiros-voluntarios-de-guimaraes","tag-incendio-urbano","tag-silvares","tag-vitima-mortal"],"_links":{"self":[{"href":"https:\/\/www.bv-guimaraes.org\/site\/wp-json\/wp\/v2\/posts\/5206","targetHints":{"allow":["GET"]}}],"collection":[{"href":"https:\/\/www.bv-guimaraes.org\/site\/wp-json\/wp\/v2\/posts"}],"about":[{"href":"https:\/\/www.bv-guimaraes.org\/site\/wp-json\/wp\/v2\/types\/post"}],"author":[{"embeddable":true,"href":"https:\/\/www.bv-guimaraes.org\/site\/wp-json\/wp\/v2\/users\/5"}],"replies":[{"embeddable":true,"href":"https:\/\/www.bv-guimaraes.org\/site\/wp-json\/wp\/v2\/comments?post=5206"}],"version-history":[{"count":4,"href":"https:\/\/www.bv-guimaraes.org\/site\/wp-json\/wp\/v2\/posts\/5206\/revisions"}],"predecessor-version":[{"id":5210,"href":"https:\/\/www.bv-guimaraes.org\/site\/wp-json\/wp\/v2\/posts\/5206\/revisions\/5210"}],"wp:attachment":[{"href":"https:\/\/www.bv-guimaraes.org\/site\/wp-json\/wp\/v2\/media?parent=5206"}],"wp:term":[{"taxonomy":"category","embeddable":true,"href":"https:\/\/www.bv-guimaraes.org\/site\/wp-json\/wp\/v2\/categories?post=5206"},{"taxonomy":"post_tag","embeddable":true,"href":"https:\/\/www.bv-guimaraes.org\/site\/wp-json\/wp\/v2\/tags?post=5206"}],"curies":[{"name":"wp","href":"https:\/\/api.w.org\/{rel}","templated":true}]}}