{"id":5734,"date":"2012-07-26T14:43:17","date_gmt":"2012-07-26T14:43:17","guid":{"rendered":"http:\/\/www.bv-guimaraes.org\/site\/?p=5734"},"modified":"2012-07-26T14:43:17","modified_gmt":"2012-07-26T14:43:17","slug":"incendio-florestal-em-candoso-s-martinho","status":"publish","type":"post","link":"https:\/\/www.bv-guimaraes.org\/site\/incendio-florestal-em-candoso-s-martinho\/","title":{"rendered":"Inc\u00eandio florestal em Candoso S. Martinho"},"content":{"rendered":"<div id=\"_mcePaste\" style=\"text-align: justify;\"><a href=\"http:\/\/www.bv-guimaraes.org\/site\/wp-content\/uploads\/inc\u00eandio_dois-bombeiros.jpg\" data-rel=\"lightbox-gallery-RB2QHk0K\" data-rl_title=\"\" data-rl_caption=\"\"><img loading=\"lazy\" decoding=\"async\" class=\"alignleft size-medium wp-image-3888\" title=\"\" src=\"http:\/\/www.bv-guimaraes.org\/site\/wp-content\/uploads\/inc\u00eandio_dois-bombeiros-300x223.jpg\" alt=\"\" width=\"197\" height=\"146\" srcset=\"https:\/\/www.bv-guimaraes.org\/site\/wp-content\/uploads\/inc\u00eandio_dois-bombeiros-300x223.jpg 300w, https:\/\/www.bv-guimaraes.org\/site\/wp-content\/uploads\/inc\u00eandio_dois-bombeiros.jpg 1024w\" sizes=\"auto, (max-width: 197px) 100vw, 197px\" \/><\/a>Ontem, dia 25, pelas 21:20, foi nos dado um alerta para um inc\u00eandio florestal no Lugar da Senhora do Monte, freguesia de Candoso S. Martinho.<\/div>\n<div id=\"_mcePaste\" style=\"text-align: justify;\">Recebido o alerta foi imediatamente enviado para o local um ve\u00edculo de inc\u00eandio com quatro bombeiros.<\/div>\n<div id=\"_mcePaste\" style=\"text-align: justify;\">Devido \u00e0 extensa \u00e1rea foi necess\u00e1rio pedir um refor\u00e7o de meios para local, tendo sido enviado mais tr\u00eas viaturas e dez bombeiros, contando ainda com o apoio dos colegas de Vizela, Famalic\u00e3o e Famalicenses que mobilizaram quatro viaturas e quinze bombeiros.<\/div>\n<div id=\"_mcePaste\" style=\"text-align: justify;\">O inc\u00eandio atingiu uma \u00e1rea de cerca de cinco mil metros quadrados de \u00e1rea florestal, tendo as chamas sido combatidas por um total de vinte e nove homens e auxiliados por oito viaturas. As opera\u00e7\u00f5es de combate, rescaldo e vigil\u00e2ncia terminaram pelas 00:40 do dia 26.<\/div>\n<div style=\"text-align: justify;\"><\/div>\n<div style=\"text-align: justify;\"><\/div>\n<div id=\"_mcePaste\" style=\"text-align: justify;\"><strong>Inc\u00eandios tamb\u00e9m em Calvos e na Costa<\/strong><\/div>\n<div id=\"_mcePaste\" style=\"text-align: justify;\">Ainda no dia de ontem deflagraram mais dois inc\u00eandios florestais na nossa \u00e1rea de actua\u00e7\u00e3o.<\/div>\n<div id=\"_mcePaste\" style=\"text-align: justify;\">Pelas 19:17, era dado o alerta para um inc\u00eandio na Lapinha, na freguesia de Calvos. Imediatamente foi accionada uma viatura de inc\u00eandio com quatro bombeiros. As chamas consumiram um total de duzentos metros quadrados de mato, tendo o inc\u00eandio sido dado como extinto pelas 20:52.<\/div>\n<div id=\"_mcePaste\" style=\"text-align: justify;\">\u00c0s 21:08 era dado o alerta para um segundo inc\u00eandio em Monchique, freguesia de Costa.<\/div>\n<div id=\"_mcePaste\" style=\"text-align: justify;\">Imediatamente foi accionada uma viatura de inc\u00eandio com cinco bombeiros. O inc\u00eandio foi dado como extinto pelas 22:30, tendo ardido uma \u00e1rea de duzentos metros quadrados de mato.<\/div>\n","protected":false},"excerpt":{"rendered":"<p>Ontem, dia 25, pelas 21:20, foi nos dado um alerta para um inc\u00eandio florestal no Lugar da Senhora do Monte, freguesia de Candoso S. Martinho. Recebido o alerta foi imediatamente enviado para o local um ve\u00edculo de inc\u00eandio com quatro<\/p>\n","protected":false},"author":5,"featured_media":0,"comment_status":"open","ping_status":"closed","sticky":false,"template":"","format":"standard","meta":{"ngg_post_thumbnail":0,"footnotes":""},"categories":[4],"tags":[18,72,479,54,119,552],"class_list":["post-5734","post","type-post","status-publish","format-standard","hentry","category-noticias-gerais","tag-bombeiros-voluntarios-de-guimaraes","tag-calvos","tag-candoso-s-martinho","tag-costa","tag-incendio-florestal","tag-monchique"],"_links":{"self":[{"href":"https:\/\/www.bv-guimaraes.org\/site\/wp-json\/wp\/v2\/posts\/5734","targetHints":{"allow":["GET"]}}],"collection":[{"href":"https:\/\/www.bv-guimaraes.org\/site\/wp-json\/wp\/v2\/posts"}],"about":[{"href":"https:\/\/www.bv-guimaraes.org\/site\/wp-json\/wp\/v2\/types\/post"}],"author":[{"embeddable":true,"href":"https:\/\/www.bv-guimaraes.org\/site\/wp-json\/wp\/v2\/users\/5"}],"replies":[{"embeddable":true,"href":"https:\/\/www.bv-guimaraes.org\/site\/wp-json\/wp\/v2\/comments?post=5734"}],"version-history":[{"count":10,"href":"https:\/\/www.bv-guimaraes.org\/site\/wp-json\/wp\/v2\/posts\/5734\/revisions"}],"predecessor-version":[{"id":6535,"href":"https:\/\/www.bv-guimaraes.org\/site\/wp-json\/wp\/v2\/posts\/5734\/revisions\/6535"}],"wp:attachment":[{"href":"https:\/\/www.bv-guimaraes.org\/site\/wp-json\/wp\/v2\/media?parent=5734"}],"wp:term":[{"taxonomy":"category","embeddable":true,"href":"https:\/\/www.bv-guimaraes.org\/site\/wp-json\/wp\/v2\/categories?post=5734"},{"taxonomy":"post_tag","embeddable":true,"href":"https:\/\/www.bv-guimaraes.org\/site\/wp-json\/wp\/v2\/tags?post=5734"}],"curies":[{"name":"wp","href":"https:\/\/api.w.org\/{rel}","templated":true}]}}