{"id":5921,"date":"2012-10-02T07:15:36","date_gmt":"2012-10-02T07:15:36","guid":{"rendered":"http:\/\/www.bv-guimaraes.org\/site\/?p=5921"},"modified":"2016-11-17T09:14:54","modified_gmt":"2016-11-17T09:14:54","slug":"fase-charlie-do-decif-2012-terminou-no-passado-domingo","status":"publish","type":"post","link":"https:\/\/www.bv-guimaraes.org\/site\/fase-charlie-do-decif-2012-terminou-no-passado-domingo\/","title":{"rendered":"Fase Charlie do DECIF 2012 terminou no passado domingo"},"content":{"rendered":"<p style=\"text-align: justify;\"><a href=\"http:\/\/www.bv-guimaraes.org\/site\/wp-content\/uploads\/DECIF-12.jpg\" data-rel=\"lightbox-gallery-5TnCFmIo\" data-rl_title=\"\" data-rl_caption=\"\"><img loading=\"lazy\" decoding=\"async\" class=\"alignleft size-medium wp-image-5601\" title=\"\" src=\"http:\/\/www.bv-guimaraes.org\/site\/wp-content\/uploads\/DECIF-12-300x253.jpg\" alt=\"\" width=\"170\" height=\"144\" srcset=\"https:\/\/www.bv-guimaraes.org\/site\/wp-content\/uploads\/DECIF-12-300x253.jpg 300w, https:\/\/www.bv-guimaraes.org\/site\/wp-content\/uploads\/DECIF-12.jpg 747w\" sizes=\"auto, (max-width: 170px) 100vw, 170px\" \/><\/a>A \u00e9poca mais cr\u00edtica em inc\u00eandios florestais (Fase Charlie) terminou no passado domingo, com cerca de 100 mil hectares de floresta queimada, seis mortos (quatro bombeiros, um militar do GIPS da GNR e um civil) e mais de uma dezena de bombeiros feridos. H\u00e1 tamb\u00e9m a registar um acidente com um helic\u00f3ptero KAMOV da frota da Empresa de Meios A\u00e9reos (EMA) quando combatia um inc\u00eandio no concelho de Our\u00e9m, que provocou dois feridos.<\/p>\n<p>Durante a fase &#8220;Charlie&#8221; de combate a inc\u00eandios florestais, que come\u00e7ou a 01 de julho, estiveram no terreno 44 meios a\u00e9reos, 2.248 equipas de diferentes for\u00e7as envolvidas, 1.982 viaturas e 9.324 operacionais. Os mais de nove mil operacionais pertencem aos corpos de bombeiros, GNR, PSP, For\u00e7a Especial de Bombeiros \u00abCanarinhos\u00bb da Autoridade Nacional de Prote\u00e7\u00e3o Civil (ANPC), Instituto da Conserva\u00e7\u00e3o da Natureza e das Florestas e AFOCELCA (agrupamento de empresas para a prote\u00e7\u00e3o contra inc\u00eandios)<\/p>\n<p>A fase \u201cDelta\u201d de combate a inc\u00eandios florestais come\u00e7ou ontem, segunda-feira, e prolonga-se at\u00e9 ao dia 31 de outubro, com uma diminui\u00e7\u00e3o do n\u00famero de meios operacionais, passando a estar no terreno 5.363 elementos, 1.289 ve\u00edculo e 22 meios a\u00e9reos, estes \u00faltimos at\u00e9 15 de outubro.<\/p>\n","protected":false},"excerpt":{"rendered":"<p>A \u00e9poca mais cr\u00edtica em inc\u00eandios florestais (Fase Charlie) terminou no passado domingo, com cerca de 100 mil hectares de floresta queimada, seis mortos (quatro bombeiros, um militar do GIPS da GNR e um civil) e mais de uma dezena<\/p>\n","protected":false},"author":5,"featured_media":0,"comment_status":"open","ping_status":"closed","sticky":false,"template":"","format":"standard","meta":{"ngg_post_thumbnail":0,"footnotes":""},"categories":[4],"tags":[18,561,145,30],"class_list":["post-5921","post","type-post","status-publish","format-standard","hentry","category-noticias-gerais","tag-bombeiros-voluntarios-de-guimaraes","tag-decif-2012","tag-fase-charlie","tag-incendios-florestais"],"_links":{"self":[{"href":"https:\/\/www.bv-guimaraes.org\/site\/wp-json\/wp\/v2\/posts\/5921","targetHints":{"allow":["GET"]}}],"collection":[{"href":"https:\/\/www.bv-guimaraes.org\/site\/wp-json\/wp\/v2\/posts"}],"about":[{"href":"https:\/\/www.bv-guimaraes.org\/site\/wp-json\/wp\/v2\/types\/post"}],"author":[{"embeddable":true,"href":"https:\/\/www.bv-guimaraes.org\/site\/wp-json\/wp\/v2\/users\/5"}],"replies":[{"embeddable":true,"href":"https:\/\/www.bv-guimaraes.org\/site\/wp-json\/wp\/v2\/comments?post=5921"}],"version-history":[{"count":5,"href":"https:\/\/www.bv-guimaraes.org\/site\/wp-json\/wp\/v2\/posts\/5921\/revisions"}],"predecessor-version":[{"id":5927,"href":"https:\/\/www.bv-guimaraes.org\/site\/wp-json\/wp\/v2\/posts\/5921\/revisions\/5927"}],"wp:attachment":[{"href":"https:\/\/www.bv-guimaraes.org\/site\/wp-json\/wp\/v2\/media?parent=5921"}],"wp:term":[{"taxonomy":"category","embeddable":true,"href":"https:\/\/www.bv-guimaraes.org\/site\/wp-json\/wp\/v2\/categories?post=5921"},{"taxonomy":"post_tag","embeddable":true,"href":"https:\/\/www.bv-guimaraes.org\/site\/wp-json\/wp\/v2\/tags?post=5921"}],"curies":[{"name":"wp","href":"https:\/\/api.w.org\/{rel}","templated":true}]}}