{"id":5929,"date":"2012-10-02T08:53:17","date_gmt":"2012-10-02T08:53:17","guid":{"rendered":"http:\/\/www.bv-guimaraes.org\/site\/?p=5929"},"modified":"2012-10-02T08:54:52","modified_gmt":"2012-10-02T08:54:52","slug":"6%c2%ba-curso-de-bombeirinhos","status":"publish","type":"post","link":"https:\/\/www.bv-guimaraes.org\/site\/6%c2%ba-curso-de-bombeirinhos\/","title":{"rendered":"6\u00ba Curso de Bombeirinhos"},"content":{"rendered":"<p>A Juvebombeiro deste Corpo de Bombeiros vai realizar o \u201c6\u00ba Curso de Bombeirinhos\u201d, que ser\u00e1 um conv\u00edvio pedag\u00f3gico a realizar no pr\u00f3ximo dia 27 de Outubro de 2012 (s\u00e1bado), entre crian\u00e7as pertencentes ao nosso concelho, proporcionar-lhes a oportunidade de conhecerem mais de perto o modo de actua\u00e7\u00e3o dos bombeiros, bem como os princ\u00edpios que os orientam e as causas porque lutam.<\/p>\n<p>Para tal, convida-se todas as crian\u00e7as com idades compreendidas entre os 8 a 12 anos de idade interessadas em participar neste conv\u00edvio, deve, os seus pais inscreverem as referidas crian\u00e7as na secretaria do comando at\u00e9 ao dia 19 de Outubro de 2012.<\/p>\n<p>Se informa que o n.\u00ba limite de crian\u00e7as \u00e9 de 20 (vinte). Para mais informa\u00e7\u00f5es \u00e9 favor contactar a secretaria do comando atrav\u00e9s do n\u00famero 253 515 444.<\/p>\n<p><a href=\"http:\/\/www.bv-guimaraes.org\/site\/wp-content\/uploads\/cartaz-2..jpg\" data-rel=\"lightbox-gallery-A8gmhT8B\" data-rl_title=\"\" data-rl_caption=\"\"><img loading=\"lazy\" decoding=\"async\" class=\"aligncenter size-full wp-image-5930\" title=\"\" src=\"http:\/\/www.bv-guimaraes.org\/site\/wp-content\/uploads\/cartaz-2..jpg\" alt=\"\" width=\"590\" height=\"400\" \/><\/a><\/p>\n<table border=\"0\">\n<tbody>\n<tr>\n<th colspan=\"3\" align=\"center\">6\u00ba CURSO DE BOMBEIRINHOS<\/th>\n<\/tr>\n<tr>\n<th colspan=\"3\" align=\"center\">Programa<\/th>\n<\/tr>\n<tr>\n<th style=\"text-align: left;\">09:30<\/th>\n<th style=\"text-align: left;\"><\/th>\n<td style=\"text-align: left;\">Apresenta\u00e7\u00f5es na sala de instru\u00e7\u00e3o, entrega de t-shirt e divisa com o nome \u00e0s crian\u00e7as<\/td>\n<\/tr>\n<tr>\n<th style=\"text-align: left;\">10:35<\/th>\n<th style=\"text-align: left;\"><\/th>\n<td style=\"text-align: left;\">Ordem unida<\/td>\n<\/tr>\n<tr>\n<th style=\"text-align: left;\">11:10<\/th>\n<th style=\"text-align: left;\"><\/th>\n<td style=\"text-align: left;\">Lanche<\/td>\n<\/tr>\n<tr>\n<th style=\"text-align: left;\">11:45<\/th>\n<th style=\"text-align: left;\"><\/th>\n<td style=\"text-align: left;\">Combate a Inc\u00eandios<\/td>\n<\/tr>\n<tr>\n<th style=\"text-align: left;\"><\/th>\n<th style=\"text-align: left;\"><\/th>\n<td style=\"text-align: left;\">No\u00e7\u00f5es B\u00e1sicas de Socorrismo<\/td>\n<\/tr>\n<tr>\n<th style=\"text-align: left;\"><\/th>\n<td style=\"text-align: left;\"><\/td>\n<th style=\"text-align: left;\"><\/th>\n<\/tr>\n<tr>\n<th style=\"text-align: left;\"><\/th>\n<th style=\"text-align: left;\"><\/th>\n<th style=\"text-align: left;\">Nota: Os participantes ser\u00e3o divididos em dois grupos, pelo que estes temas ser\u00e3o abordados em simult\u00e2neo. A segunda s\u00e9rie decorrer\u00e1 da parte da tarde.<\/th>\n<\/tr>\n<tr>\n<th style=\"text-align: left;\"><\/th>\n<td style=\"text-align: left;\"><\/td>\n<th style=\"text-align: left;\"><\/th>\n<\/tr>\n<tr>\n<th style=\"text-align: left;\">12:50<\/th>\n<th style=\"text-align: left;\"><\/th>\n<td style=\"text-align: left;\">Almo\u00e7o no Macdonald\u00b4s<\/td>\n<\/tr>\n<tr>\n<th style=\"text-align: left;\">14:30<\/th>\n<th style=\"text-align: left;\"><\/th>\n<td style=\"text-align: left;\">Continua\u00e7\u00e3o dos temas anteriores (troca de grupos)<\/td>\n<\/tr>\n<tr>\n<th style=\"text-align: left;\">15:35<\/th>\n<th style=\"text-align: left;\"><\/th>\n<td style=\"text-align: left;\">Volta nos carros dos Bombeiros<\/td>\n<\/tr>\n<tr>\n<th style=\"text-align: left;\">16:15<\/th>\n<th style=\"text-align: left;\"><\/th>\n<td style=\"text-align: left;\">Lanche<\/td>\n<\/tr>\n<tr>\n<th style=\"text-align: left;\">16:50<\/th>\n<th style=\"text-align: left;\"><\/th>\n<td style=\"text-align: left;\">Simulacro (para as crian\u00e7as e pais)<\/td>\n<\/tr>\n<tr>\n<th style=\"text-align: left;\"> 18:00<\/th>\n<td style=\"text-align: left;\"><\/td>\n<td style=\"text-align: left;\">Agradecimentos no Sal\u00e3o Nobre e entrega de Diplomas.<\/td>\n<\/tr>\n<\/tbody>\n<\/table>\n","protected":false},"excerpt":{"rendered":"<p>A Juvebombeiro deste Corpo de Bombeiros vai realizar o \u201c6\u00ba Curso de Bombeirinhos\u201d, que ser\u00e1 um conv\u00edvio pedag\u00f3gico a realizar no pr\u00f3ximo dia 27 de Outubro de 2012 (s\u00e1bado), entre crian\u00e7as pertencentes ao nosso concelho, proporcionar-lhes a oportunidade de conhecerem<\/p>\n","protected":false},"author":5,"featured_media":0,"comment_status":"open","ping_status":"closed","sticky":false,"template":"","format":"standard","meta":{"ngg_post_thumbnail":0,"footnotes":""},"categories":[3],"tags":[93,18,64],"class_list":["post-5929","post","type-post","status-publish","format-standard","hentry","category-noticias-quartel","tag-bombeirinhos","tag-bombeiros-voluntarios-de-guimaraes","tag-juvebombeiro"],"_links":{"self":[{"href":"https:\/\/www.bv-guimaraes.org\/site\/wp-json\/wp\/v2\/posts\/5929","targetHints":{"allow":["GET"]}}],"collection":[{"href":"https:\/\/www.bv-guimaraes.org\/site\/wp-json\/wp\/v2\/posts"}],"about":[{"href":"https:\/\/www.bv-guimaraes.org\/site\/wp-json\/wp\/v2\/types\/post"}],"author":[{"embeddable":true,"href":"https:\/\/www.bv-guimaraes.org\/site\/wp-json\/wp\/v2\/users\/5"}],"replies":[{"embeddable":true,"href":"https:\/\/www.bv-guimaraes.org\/site\/wp-json\/wp\/v2\/comments?post=5929"}],"version-history":[{"count":4,"href":"https:\/\/www.bv-guimaraes.org\/site\/wp-json\/wp\/v2\/posts\/5929\/revisions"}],"predecessor-version":[{"id":5935,"href":"https:\/\/www.bv-guimaraes.org\/site\/wp-json\/wp\/v2\/posts\/5929\/revisions\/5935"}],"wp:attachment":[{"href":"https:\/\/www.bv-guimaraes.org\/site\/wp-json\/wp\/v2\/media?parent=5929"}],"wp:term":[{"taxonomy":"category","embeddable":true,"href":"https:\/\/www.bv-guimaraes.org\/site\/wp-json\/wp\/v2\/categories?post=5929"},{"taxonomy":"post_tag","embeddable":true,"href":"https:\/\/www.bv-guimaraes.org\/site\/wp-json\/wp\/v2\/tags?post=5929"}],"curies":[{"name":"wp","href":"https:\/\/api.w.org\/{rel}","templated":true}]}}