{"id":5936,"date":"2012-10-11T14:19:15","date_gmt":"2012-10-11T14:19:15","guid":{"rendered":"http:\/\/www.bv-guimaraes.org\/site\/?p=5936"},"modified":"2016-11-17T09:19:13","modified_gmt":"2016-11-17T09:19:13","slug":"louvor","status":"publish","type":"post","link":"https:\/\/www.bv-guimaraes.org\/site\/louvor\/","title":{"rendered":"Louvor"},"content":{"rendered":"<p style=\"text-align: center;\"><strong>Ordem de Servi\u00e7o n.\u00ba 31\/12 &#8211; Bombeiros Volunt\u00e1rios de Guimar\u00e3es<\/strong><\/p>\n<p style=\"text-align: justify;\"><strong>Justi\u00e7a e Disciplina<\/strong><\/p>\n<p style=\"text-align: justify;\"><strong>Art.\u00ba 2 &#8211; Louvor<\/strong><\/p>\n<p style=\"text-align: justify;\">No passado dia 13 de Setembro, pelas 03H07 recebemos um  alerta para um inc\u00eandio num alpendre com habita\u00e7\u00e3o cont\u00edgua, na Rua de  S. Francisco na freguesia de Air\u00e3o, Santa Maria.<br \/>\nDurante a interven\u00e7\u00e3o, foi evidente a determina\u00e7\u00e3o e esp\u00edrito de  equipa no ataque ao sinistro bem como a coragem e abnega\u00e7\u00e3o com que  prestaram socorro \u00e0s pessoas e aos animais.<br \/>\nTal empenho e entrega \u00e0 causa s\u00e3o de enaltecer e de elementar justi\u00e7a o seu reconhecimento.<\/p>\n<p style=\"text-align: justify;\">Assim, <strong>determino e mando<\/strong> publicar, que se registe um <strong>louvor<\/strong> na folha de servi\u00e7o de todos os intervenientes na ocorr\u00eancia.<\/p>\n<table border=\"0\" cellspacing=\"0\" cellpadding=\"0\" width=\"600\">\n<tbody>\n<tr>\n<th>Nome<\/th>\n<td align=\"left\"><\/td>\n<th>Posto<\/th>\n<th>N\u00famero<\/th>\n<\/tr>\n<tr>\n<td align=\"left\"><\/td>\n<td align=\"left\"><\/td>\n<td align=\"left\"><\/td>\n<td align=\"left\"><\/td>\n<\/tr>\n<tr>\n<td align=\"left\">Joaquim Jos\u00e9 Teixeira Oliveira<\/td>\n<td align=\"center\"><a href=\"http:\/\/www.bv-guimaraes.org\/site\/wp-content\/uploads\/2\u00ba-Comandante.jpg\" data-rel=\"lightbox-gallery-GOMnNWrz\" data-rl_title=\"\" data-rl_caption=\"\"><img loading=\"lazy\" decoding=\"async\" class=\"aligncenter size-full wp-image-2403\" title=\"\" src=\"http:\/\/www.bv-guimaraes.org\/site\/wp-content\/uploads\/2\u00ba-Comandante.jpg\" alt=\"\" width=\"18\" height=\"28\" \/><\/a><\/td>\n<td align=\"center\">2\u00ba Comandante<\/td>\n<td align=\"center\">107<\/td>\n<\/tr>\n<tr>\n<td align=\"left\"><span style=\"color: #ffffff;\">.<\/span><\/td>\n<td align=\"left\"><\/td>\n<td align=\"left\"><\/td>\n<td align=\"left\"><\/td>\n<\/tr>\n<tr>\n<td align=\"left\">Serafim Ribeiro Costa Martins<\/td>\n<td align=\"center\"><a href=\"http:\/\/www.bv-guimaraes.org\/site\/wp-content\/uploads\/Chefe.jpg\" data-rel=\"lightbox-gallery-GOMnNWrz\" data-rl_title=\"\" data-rl_caption=\"\"><img loading=\"lazy\" decoding=\"async\" class=\"aligncenter size-full wp-image-2443\" title=\"\" src=\"http:\/\/www.bv-guimaraes.org\/site\/wp-content\/uploads\/Chefe.jpg\" alt=\"\" width=\"18\" height=\"28\" \/><\/a><\/td>\n<td align=\"center\">Chefe<\/td>\n<td align=\"center\">83<\/td>\n<\/tr>\n<tr>\n<td align=\"left\"><span style=\"color: #ffffff;\">.<\/span><\/td>\n<td align=\"left\"><\/td>\n<td align=\"left\"><\/td>\n<td align=\"left\"><\/td>\n<\/tr>\n<tr>\n<td align=\"left\">Jos\u00e9 Torcato Costa Fernandes<\/td>\n<td align=\"center\"><a href=\"http:\/\/www.bv-guimaraes.org\/site\/wp-content\/uploads\/Bombeiro-de-1\u00aa.jpg\" data-rel=\"lightbox-gallery-GOMnNWrz\" data-rl_title=\"\" data-rl_caption=\"\"><img loading=\"lazy\" decoding=\"async\" class=\"aligncenter size-full wp-image-2475\" title=\"\" src=\"http:\/\/www.bv-guimaraes.org\/site\/wp-content\/uploads\/Bombeiro-de-1\u00aa.jpg\" alt=\"\" width=\"18\" height=\"28\" \/><\/a><\/td>\n<td align=\"center\">Bombeiro de 1\u00aa<\/td>\n<td align=\"center\">16<\/td>\n<\/tr>\n<tr>\n<td align=\"left\"><span style=\"color: #ffffff;\">.<\/span><\/td>\n<td align=\"left\"><\/td>\n<td align=\"left\"><\/td>\n<td align=\"left\"><\/td>\n<\/tr>\n<tr>\n<td align=\"left\">Henrique Manuel Freitas Silva<\/td>\n<td align=\"center\"><a href=\"http:\/\/www.bv-guimaraes.org\/site\/wp-content\/uploads\/Bombeiro-de-1\u00aa.jpg\" data-rel=\"lightbox-gallery-GOMnNWrz\" data-rl_title=\"\" data-rl_caption=\"\"><img loading=\"lazy\" decoding=\"async\" class=\"aligncenter size-full wp-image-2475\" title=\"\" src=\"http:\/\/www.bv-guimaraes.org\/site\/wp-content\/uploads\/Bombeiro-de-1\u00aa.jpg\" alt=\"\" width=\"18\" height=\"28\" \/><\/a><\/td>\n<td align=\"center\">Bombeiro de 1\u00aa<\/td>\n<td align=\"center\">170<\/td>\n<\/tr>\n<tr>\n<td align=\"left\"><span style=\"color: #ffffff;\">.<\/span><\/td>\n<td align=\"left\"><\/td>\n<td align=\"left\"><\/td>\n<td align=\"left\"><\/td>\n<\/tr>\n<tr>\n<td align=\"left\">Ab\u00edlio Almeida Fernandes<\/td>\n<td align=\"center\"><a href=\"http:\/\/www.bv-guimaraes.org\/site\/wp-content\/uploads\/Bombeiro-de-3\u00aa.jpg\" data-rel=\"lightbox-gallery-GOMnNWrz\" data-rl_title=\"\" data-rl_caption=\"\"><img loading=\"lazy\" decoding=\"async\" class=\"aligncenter size-full wp-image-2885\" title=\"\" src=\"http:\/\/www.bv-guimaraes.org\/site\/wp-content\/uploads\/Bombeiro-de-3\u00aa.jpg\" alt=\"\" width=\"18\" height=\"28\" \/><\/a><\/td>\n<td align=\"center\">Bombeiro de 3\u00aa<\/td>\n<td align=\"center\">15<\/td>\n<\/tr>\n<tr>\n<td align=\"left\"><span style=\"color: #ffffff;\">.<\/span><\/td>\n<td align=\"left\"><\/td>\n<td align=\"left\"><\/td>\n<td align=\"left\"><\/td>\n<\/tr>\n<tr>\n<td align=\"left\">Marta Isabel Leite Ribeiro<\/td>\n<td align=\"center\"><a href=\"http:\/\/www.bv-guimaraes.org\/site\/wp-content\/uploads\/Bombeiro-de-3\u00aa.jpg\" data-rel=\"lightbox-gallery-GOMnNWrz\" data-rl_title=\"\" data-rl_caption=\"\"><img loading=\"lazy\" decoding=\"async\" class=\"aligncenter size-full wp-image-2885\" title=\"\" src=\"http:\/\/www.bv-guimaraes.org\/site\/wp-content\/uploads\/Bombeiro-de-3\u00aa.jpg\" alt=\"\" width=\"18\" height=\"28\" \/><\/a><\/td>\n<td align=\"center\">Bombeiro de 3\u00aa<\/td>\n<td align=\"center\">50<\/td>\n<\/tr>\n<tr>\n<td align=\"left\"><span style=\"color: #ffffff;\">.<\/span><\/td>\n<td align=\"left\"><\/td>\n<td align=\"left\"><\/td>\n<td align=\"left\"><\/td>\n<\/tr>\n<tr>\n<td align=\"left\">\u00c1lvaro Filipe Castro Rodrigues Nunes<\/td>\n<td align=\"center\"><a href=\"http:\/\/www.bv-guimaraes.org\/site\/wp-content\/uploads\/Bombeiro-de-3\u00aa.jpg\" data-rel=\"lightbox-gallery-GOMnNWrz\" data-rl_title=\"\" data-rl_caption=\"\"><img loading=\"lazy\" decoding=\"async\" class=\"aligncenter size-full wp-image-2885\" title=\"\" src=\"http:\/\/www.bv-guimaraes.org\/site\/wp-content\/uploads\/Bombeiro-de-3\u00aa.jpg\" alt=\"\" width=\"18\" height=\"28\" \/><\/a><\/td>\n<td align=\"center\">Bombeiro de 3\u00aa<\/td>\n<td align=\"center\">7<\/td>\n<\/tr>\n<tr>\n<td align=\"left\"><span style=\"color: #ffffff;\">.<\/span><\/td>\n<td align=\"left\"><\/td>\n<td align=\"left\"><\/td>\n<td align=\"left\"><\/td>\n<\/tr>\n<tr>\n<td align=\"left\">Laurentino Vieira Castro<\/td>\n<td align=\"center\"><a href=\"http:\/\/www.bv-guimaraes.org\/site\/wp-content\/uploads\/Bombeiro-de-3\u00aa.jpg\" data-rel=\"lightbox-gallery-GOMnNWrz\" data-rl_title=\"\" data-rl_caption=\"\"><img loading=\"lazy\" decoding=\"async\" class=\"aligncenter size-full wp-image-2885\" title=\"\" src=\"http:\/\/www.bv-guimaraes.org\/site\/wp-content\/uploads\/Bombeiro-de-3\u00aa.jpg\" alt=\"\" width=\"18\" height=\"28\" \/><\/a><\/td>\n<td align=\"center\">Bombeiro de 3\u00aa<\/td>\n<td align=\"center\">182<\/td>\n<\/tr>\n<tr>\n<td align=\"left\"><span style=\"color: #ffffff;\">.<\/span><\/td>\n<td align=\"left\"><\/td>\n<td align=\"left\"><\/td>\n<td align=\"left\"><\/td>\n<\/tr>\n<tr>\n<td align=\"left\">Lu\u00eds Emanuel Coutinho Martins<\/td>\n<td align=\"center\"><a href=\"http:\/\/www.bv-guimaraes.org\/site\/wp-content\/uploads\/Bombeiro-de-3\u00aa.jpg\" data-rel=\"lightbox-gallery-GOMnNWrz\" data-rl_title=\"\" data-rl_caption=\"\"><img loading=\"lazy\" decoding=\"async\" class=\"aligncenter size-full wp-image-2885\" title=\"\" src=\"http:\/\/www.bv-guimaraes.org\/site\/wp-content\/uploads\/Bombeiro-de-3\u00aa.jpg\" alt=\"\" width=\"18\" height=\"28\" \/><\/a><\/td>\n<td align=\"center\">Bombeiro de 3\u00aa<\/td>\n<td align=\"center\">77<\/td>\n<\/tr>\n<tr>\n<td align=\"left\"><span style=\"color: #ffffff;\">.<\/span><\/td>\n<td align=\"left\"><\/td>\n<td align=\"left\"><\/td>\n<td align=\"left\"><\/td>\n<\/tr>\n<tr>\n<td align=\"left\">Vera L\u00facia Ferreira Rodrigues<\/td>\n<td align=\"center\"><a href=\"http:\/\/www.bv-guimaraes.org\/site\/wp-content\/uploads\/Bombeiro-de-3\u00aa.jpg\" data-rel=\"lightbox-gallery-GOMnNWrz\" data-rl_title=\"\" data-rl_caption=\"\"><img loading=\"lazy\" decoding=\"async\" class=\"aligncenter size-full wp-image-2885\" title=\"\" src=\"http:\/\/www.bv-guimaraes.org\/site\/wp-content\/uploads\/Bombeiro-de-3\u00aa.jpg\" alt=\"\" width=\"18\" height=\"28\" \/><\/a><\/td>\n<td align=\"center\">Bombeiro de 3\u00aa<\/td>\n<td align=\"center\">30<\/td>\n<\/tr>\n<tr>\n<td align=\"left\"><span style=\"color: #ffffff;\">.<\/span><\/td>\n<td align=\"left\"><\/td>\n<td align=\"left\"><\/td>\n<td align=\"left\"><\/td>\n<\/tr>\n<tr>\n<td align=\"left\">Pedro Duarte Gomes Barroso<\/td>\n<td align=\"center\"><a href=\"http:\/\/www.bv-guimaraes.org\/site\/wp-content\/uploads\/Bombeiro-de-3\u00aa.jpg\" data-rel=\"lightbox-gallery-GOMnNWrz\" data-rl_title=\"\" data-rl_caption=\"\"><img loading=\"lazy\" decoding=\"async\" class=\"aligncenter size-full wp-image-2885\" title=\"\" src=\"http:\/\/www.bv-guimaraes.org\/site\/wp-content\/uploads\/Bombeiro-de-3\u00aa.jpg\" alt=\"\" width=\"18\" height=\"28\" \/><\/a><\/td>\n<td align=\"center\">Bombeiro de 3\u00aa<\/td>\n<td align=\"center\">25<\/td>\n<\/tr>\n<\/tbody>\n<\/table>\n","protected":false},"excerpt":{"rendered":"<p>Ordem de Servi\u00e7o n.\u00ba 31\/12 &#8211; Bombeiros Volunt\u00e1rios de Guimar\u00e3es Justi\u00e7a e Disciplina Art.\u00ba 2 &#8211; Louvor No passado dia 13 de Setembro, pelas 03H07 recebemos um alerta para um inc\u00eandio num alpendre com habita\u00e7\u00e3o cont\u00edgua, na Rua de S.<\/p>\n","protected":false},"author":5,"featured_media":0,"comment_status":"open","ping_status":"closed","sticky":false,"template":"","format":"standard","meta":{"ngg_post_thumbnail":0,"footnotes":""},"categories":[3],"tags":[18,562,563],"class_list":["post-5936","post","type-post","status-publish","format-standard","hentry","category-noticias-quartel","tag-bombeiros-voluntarios-de-guimaraes","tag-louvor","tag-ordem-de-servico"],"_links":{"self":[{"href":"https:\/\/www.bv-guimaraes.org\/site\/wp-json\/wp\/v2\/posts\/5936","targetHints":{"allow":["GET"]}}],"collection":[{"href":"https:\/\/www.bv-guimaraes.org\/site\/wp-json\/wp\/v2\/posts"}],"about":[{"href":"https:\/\/www.bv-guimaraes.org\/site\/wp-json\/wp\/v2\/types\/post"}],"author":[{"embeddable":true,"href":"https:\/\/www.bv-guimaraes.org\/site\/wp-json\/wp\/v2\/users\/5"}],"replies":[{"embeddable":true,"href":"https:\/\/www.bv-guimaraes.org\/site\/wp-json\/wp\/v2\/comments?post=5936"}],"version-history":[{"count":11,"href":"https:\/\/www.bv-guimaraes.org\/site\/wp-json\/wp\/v2\/posts\/5936\/revisions"}],"predecessor-version":[{"id":5959,"href":"https:\/\/www.bv-guimaraes.org\/site\/wp-json\/wp\/v2\/posts\/5936\/revisions\/5959"}],"wp:attachment":[{"href":"https:\/\/www.bv-guimaraes.org\/site\/wp-json\/wp\/v2\/media?parent=5936"}],"wp:term":[{"taxonomy":"category","embeddable":true,"href":"https:\/\/www.bv-guimaraes.org\/site\/wp-json\/wp\/v2\/categories?post=5936"},{"taxonomy":"post_tag","embeddable":true,"href":"https:\/\/www.bv-guimaraes.org\/site\/wp-json\/wp\/v2\/tags?post=5936"}],"curies":[{"name":"wp","href":"https:\/\/api.w.org\/{rel}","templated":true}]}}