{"id":6104,"date":"2012-11-23T07:33:29","date_gmt":"2012-11-23T07:33:29","guid":{"rendered":"http:\/\/www.bv-guimaraes.org\/site\/?p=6104"},"modified":"2012-11-23T07:34:42","modified_gmt":"2012-11-23T07:34:42","slug":"acidente-colisao-deixa-dois-feridos-encarcerados","status":"publish","type":"post","link":"https:\/\/www.bv-guimaraes.org\/site\/acidente-colisao-deixa-dois-feridos-encarcerados\/","title":{"rendered":"ACIDENTE | Colis\u00e3o deixa dois feridos encarcerados"},"content":{"rendered":"<p style=\"text-align: justify;\"><a href=\"http:\/\/www.bv-guimaraes.org\/site\/wp-content\/uploads\/acidente2-09-12-09.jpg\" data-rel=\"lightbox-gallery-GEtCxGKV\" data-rl_title=\"\" data-rl_caption=\"\"><img loading=\"lazy\" decoding=\"async\" class=\"alignleft size-full wp-image-2010\" title=\"\" src=\"http:\/\/www.bv-guimaraes.org\/site\/wp-content\/uploads\/acidente2-09-12-09.jpg\" alt=\"\" width=\"197\" height=\"131\" srcset=\"https:\/\/www.bv-guimaraes.org\/site\/wp-content\/uploads\/acidente2-09-12-09.jpg 600w, https:\/\/www.bv-guimaraes.org\/site\/wp-content\/uploads\/acidente2-09-12-09-300x200.jpg 300w\" sizes=\"auto, (max-width: 197px) 100vw, 197px\" \/><\/a>Uma colis\u00e3o frontal entre duas viaturas ligeiras de mercadorias, provocou dois feridos ligeiros, dois homens com 59 e 24 anos, ao final da madrugada de hoje, dia 23.<br \/>\nPelas 05:49 era dado o alerta para o acidente, na Rua de Santa Eul\u00e1lia, em Ferment\u00f5es sendo de imediato accionado duas ambul\u00e2ncias e um ve\u00edculo de desencarceramento com um total de dez bombeiros, j\u00e1 que havia a informa\u00e7\u00e3o de haver v\u00edtimas encarceradas.<br \/>\nJ\u00e1 no local, confirmou-se que os dois feridos que seguiam na mesma viatura, encontravam-se encarcerados pelo que foi necess\u00e1rio utilizar material de desencarceramento de modo a proceder a uma extrac\u00e7\u00e3o controlada dos mesmos.<br \/>\nAp\u00f3s extrac\u00e7\u00e3o e estabiliza\u00e7\u00e3o das v\u00edtimas, as mesmas foram transportadas para o Centro Hospitalar Alto Ave \u2013 Unidade de Guimar\u00e3es. No local esteve ainda a VMER de Guimar\u00e3es e a PSP que cortou o tr\u00e2nsito naquela via durante as opera\u00e7\u00f5es de socorro e limpeza da via.<\/p>\n","protected":false},"excerpt":{"rendered":"<p>Uma colis\u00e3o frontal entre duas viaturas ligeiras de mercadorias, provocou dois feridos ligeiros, dois homens com 59 e 24 anos, ao final da madrugada de hoje, dia 23. Pelas 05:49 era dado o alerta para o acidente, na Rua de<\/p>\n","protected":false},"author":5,"featured_media":0,"comment_status":"open","ping_status":"closed","sticky":false,"template":"","format":"standard","meta":{"ngg_post_thumbnail":0,"footnotes":""},"categories":[4],"tags":[18,34,91,47,137],"class_list":["post-6104","post","type-post","status-publish","format-standard","hentry","category-noticias-gerais","tag-bombeiros-voluntarios-de-guimaraes","tag-colisao","tag-desencarceramento","tag-feridos","tag-fermentoes"],"_links":{"self":[{"href":"https:\/\/www.bv-guimaraes.org\/site\/wp-json\/wp\/v2\/posts\/6104","targetHints":{"allow":["GET"]}}],"collection":[{"href":"https:\/\/www.bv-guimaraes.org\/site\/wp-json\/wp\/v2\/posts"}],"about":[{"href":"https:\/\/www.bv-guimaraes.org\/site\/wp-json\/wp\/v2\/types\/post"}],"author":[{"embeddable":true,"href":"https:\/\/www.bv-guimaraes.org\/site\/wp-json\/wp\/v2\/users\/5"}],"replies":[{"embeddable":true,"href":"https:\/\/www.bv-guimaraes.org\/site\/wp-json\/wp\/v2\/comments?post=6104"}],"version-history":[{"count":4,"href":"https:\/\/www.bv-guimaraes.org\/site\/wp-json\/wp\/v2\/posts\/6104\/revisions"}],"predecessor-version":[{"id":6171,"href":"https:\/\/www.bv-guimaraes.org\/site\/wp-json\/wp\/v2\/posts\/6104\/revisions\/6171"}],"wp:attachment":[{"href":"https:\/\/www.bv-guimaraes.org\/site\/wp-json\/wp\/v2\/media?parent=6104"}],"wp:term":[{"taxonomy":"category","embeddable":true,"href":"https:\/\/www.bv-guimaraes.org\/site\/wp-json\/wp\/v2\/categories?post=6104"},{"taxonomy":"post_tag","embeddable":true,"href":"https:\/\/www.bv-guimaraes.org\/site\/wp-json\/wp\/v2\/tags?post=6104"}],"curies":[{"name":"wp","href":"https:\/\/api.w.org\/{rel}","templated":true}]}}