{"id":6110,"date":"2012-11-29T15:02:02","date_gmt":"2012-11-29T15:02:02","guid":{"rendered":"http:\/\/www.bv-guimaraes.org\/site\/?p=6110"},"modified":"2012-11-29T15:04:16","modified_gmt":"2012-11-29T15:04:16","slug":"colisao-na-a7-provocou-tres-feridos","status":"publish","type":"post","link":"https:\/\/www.bv-guimaraes.org\/site\/colisao-na-a7-provocou-tres-feridos\/","title":{"rendered":"ACIDENTE | Colis\u00e3o na A7 provocou tr\u00eas feridos"},"content":{"rendered":"<p style=\"text-align: justify;\"><a href=\"http:\/\/www.bv-guimaraes.org\/site\/wp-content\/uploads\/viatura.jpg\" data-rel=\"lightbox-gallery-XcGZXjAL\" data-rl_title=\"\" data-rl_caption=\"\"><img loading=\"lazy\" decoding=\"async\" class=\"alignleft size-full wp-image-1883\" title=\"\" src=\"http:\/\/www.bv-guimaraes.org\/site\/wp-content\/uploads\/viatura.jpg\" alt=\"\" width=\"132\" height=\"132\" srcset=\"https:\/\/www.bv-guimaraes.org\/site\/wp-content\/uploads\/viatura.jpg 250w, https:\/\/www.bv-guimaraes.org\/site\/wp-content\/uploads\/viatura-150x150.jpg 150w\" sizes=\"auto, (max-width: 132px) 100vw, 132px\" \/><\/a>Ao in\u00edcio da tarde de hoje, dia 29, pelas 13:18, uma colis\u00e3o entre um ve\u00edculo ligeiro de mercadorias e um ve\u00edculo ligeiro de passageiros, na auto-estrada A7, sentido Guimar\u00e3es \u2013 Fafe, ao km 42,900 que fica situado na freguesia de Polvoreira, provocou tr\u00eas feridos ligeiros.<br \/>\nAp\u00f3s o alerta, foi de imediato accionado para o local tr\u00eas ambul\u00e2ncias e seis bombeiros, que ap\u00f3s estabiliza\u00e7\u00e3o das v\u00edtimas, dois homens com 66 e 62 anos e uma mulher com 62 anos, transportaram-nas para o Centro Hospital Alto Ave, unidade de Guimar\u00e3es.<br \/>\nNo local esteve ainda uma patrulha da GNR-BT que condicionou o tr\u00e2nsito naquela auto-estrada durante as opera\u00e7\u00f5es de socorro.<\/p>\n","protected":false},"excerpt":{"rendered":"<p>Ao in\u00edcio da tarde de hoje, dia 29, pelas 13:18, uma colis\u00e3o entre um ve\u00edculo ligeiro de mercadorias e um ve\u00edculo ligeiro de passageiros, na auto-estrada A7, sentido Guimar\u00e3es \u2013 Fafe, ao km 42,900 que fica situado na freguesia de<\/p>\n","protected":false},"author":5,"featured_media":0,"comment_status":"open","ping_status":"closed","sticky":false,"template":"","format":"standard","meta":{"ngg_post_thumbnail":0,"footnotes":""},"categories":[4],"tags":[55,18,34,38],"class_list":["post-6110","post","type-post","status-publish","format-standard","hentry","category-noticias-gerais","tag-a7","tag-bombeiros-voluntarios-de-guimaraes","tag-colisao","tag-polvoreira"],"_links":{"self":[{"href":"https:\/\/www.bv-guimaraes.org\/site\/wp-json\/wp\/v2\/posts\/6110","targetHints":{"allow":["GET"]}}],"collection":[{"href":"https:\/\/www.bv-guimaraes.org\/site\/wp-json\/wp\/v2\/posts"}],"about":[{"href":"https:\/\/www.bv-guimaraes.org\/site\/wp-json\/wp\/v2\/types\/post"}],"author":[{"embeddable":true,"href":"https:\/\/www.bv-guimaraes.org\/site\/wp-json\/wp\/v2\/users\/5"}],"replies":[{"embeddable":true,"href":"https:\/\/www.bv-guimaraes.org\/site\/wp-json\/wp\/v2\/comments?post=6110"}],"version-history":[{"count":5,"href":"https:\/\/www.bv-guimaraes.org\/site\/wp-json\/wp\/v2\/posts\/6110\/revisions"}],"predecessor-version":[{"id":6208,"href":"https:\/\/www.bv-guimaraes.org\/site\/wp-json\/wp\/v2\/posts\/6110\/revisions\/6208"}],"wp:attachment":[{"href":"https:\/\/www.bv-guimaraes.org\/site\/wp-json\/wp\/v2\/media?parent=6110"}],"wp:term":[{"taxonomy":"category","embeddable":true,"href":"https:\/\/www.bv-guimaraes.org\/site\/wp-json\/wp\/v2\/categories?post=6110"},{"taxonomy":"post_tag","embeddable":true,"href":"https:\/\/www.bv-guimaraes.org\/site\/wp-json\/wp\/v2\/tags?post=6110"}],"curies":[{"name":"wp","href":"https:\/\/api.w.org\/{rel}","templated":true}]}}