{"id":6123,"date":"2012-12-06T20:45:12","date_gmt":"2012-12-06T20:45:12","guid":{"rendered":"http:\/\/www.bv-guimaraes.org\/site\/?p=6123"},"modified":"2012-12-06T20:45:12","modified_gmt":"2012-12-06T20:45:12","slug":"quatro-acidentes-provocaram-esta-tarde-7-feridos","status":"publish","type":"post","link":"https:\/\/www.bv-guimaraes.org\/site\/quatro-acidentes-provocaram-esta-tarde-7-feridos\/","title":{"rendered":"Quatro acidentes provocaram esta tarde 7 feridos"},"content":{"rendered":"<p style=\"text-align: justify;\"><span><a href=\"http:\/\/www.bv-guimaraes.org\/site\/wp-content\/uploads\/acidente6.jpg\" data-rel=\"lightbox-gallery-6jN9m6yH\" data-rl_title=\"\" data-rl_caption=\"\"><img loading=\"lazy\" decoding=\"async\" class=\"alignleft size-medium wp-image-4202\" title=\"\" src=\"http:\/\/www.bv-guimaraes.org\/site\/wp-content\/uploads\/acidente6-300x199.jpg\" alt=\"\" width=\"203\" height=\"134\" srcset=\"https:\/\/www.bv-guimaraes.org\/site\/wp-content\/uploads\/acidente6-300x199.jpg 300w, https:\/\/www.bv-guimaraes.org\/site\/wp-content\/uploads\/acidente6.jpg 554w\" sizes=\"auto, (max-width: 203px) 100vw, 203px\" \/><\/a>Quatro despistes de via\u00e7\u00e3o estiveram na origem de sete feridos registados na tarde desta quinta-feira.<br \/>\nO primeiro<span>,<\/span> ocorreu pelas 15:54, <span>na auto<\/span> &#8211; estrada <span>A11<\/span>,  sentido Guimar\u00e3es &#8211; Felgueiras, mais propriamente no N\u00f3 de Calvos e  provocou ferimentos ligeiros em duas v\u00edtimas masculinas de 76 e 38 anos,  respectivamente pai e filho. Para o local foram enviadas duas  ambul\u00e2ncias com quatro bombeiros, que ap\u00f3s estabilizarem as v\u00edtimas  transportaram<span>-nas<\/span> para o Centro Hospitalar Alto Ave &#8211; Unidade de Guimar\u00e3es.<br \/>\nMais tarde, pelas 16:39, um novo alerta para um despiste <span>na auto<\/span> &#8211; estrada <span>A7<\/span>,  ao quil\u00f3metro 37,67 no sentido Guimar\u00e3es &#8211; Famalic\u00e3o obrigou \u00e0  mobiliza\u00e7\u00e3o de duas ambul\u00e2ncias e quatro bombeiros. Os tr\u00eas feridos  ligeiros, uma m\u00e3e de 33 anos e dois filhos com 4 anos e 8 meses  respectivamente, foram primariamente estabilizados no local e depois  transportados para o Centro Hospitalar Alto Ave &#8211; Unidade de Guimar\u00e3es.<br \/>\nAinda decorria o socorro \u00e0s v\u00edtimas dos despistes <span>nas auto<\/span> &#8211; estradas, quando \u00e9 dado um novo alerta para um novo despiste desta vez na <span>E.N<\/span>. 206 na freguesia de <span>Ronfe<\/span>.  Ap\u00f3s o alerta, dado \u00e0s 17:13, foi de imediato accionado uma ambul\u00e2ncia  com dois bombeiros que ap\u00f3s estabilizarem a v\u00edtima, um homem de 43 anos,  transportaram<span>-na<\/span> para o Centro Hospitalar Alto Ave &#8211; Unidade de Guimar\u00e3es. No local  esteve uma patrulha da GNR que condicionou o tr\u00e2nsito naquela estrada  nacional durante as opera\u00e7\u00f5es de socorro.<br \/>\nJ\u00e1 ao final da tarde, pelas 18:01, um despiste de um ve\u00edculo ligeiro numa estrada rural que liga as freguesias de Infantas e <span>Ar\u00f5es<\/span> <span>Sta<\/span>. Cristina<span>,<\/span> provocou ferimentos ligeiros num homem de 38 anos. Para o local foi  accionada uma ambul\u00e2ncia e dois ve\u00edculos de desencarceramento com um  total de nove bombeiros, j\u00e1 que havia a informa\u00e7\u00e3o de haver uma v\u00edtima  encarcerada e que o acidente tinha ocorrido em zona de monte.<br \/>\nNo local verificou-se que a v\u00edtima j\u00e1 se encontrava fora da  viatura, pelo que n\u00e3o foi necess\u00e1rio usar material de desencarceramento.  A mesma ap\u00f3s estabilizada foi transportada para o Centro Hospitalar  Alto Ave &#8211; Unidade de Guimar\u00e3es. No local esteve ainda a <span>VMER<\/span> de Guimar\u00e3es. <\/span><\/p>\n","protected":false},"excerpt":{"rendered":"<p>Quatro despistes de via\u00e7\u00e3o estiveram na origem de sete feridos registados na tarde desta quinta-feira. O primeiro, ocorreu pelas 15:54, na auto &#8211; estrada A11, sentido Guimar\u00e3es &#8211; Felgueiras, mais propriamente no N\u00f3 de Calvos e provocou ferimentos ligeiros em<\/p>\n","protected":false},"author":5,"featured_media":0,"comment_status":"open","ping_status":"closed","sticky":false,"template":"","format":"standard","meta":{"ngg_post_thumbnail":0,"footnotes":""},"categories":[4],"tags":[392,55,18,20,475,118],"class_list":["post-6123","post","type-post","status-publish","format-standard","hentry","category-noticias-gerais","tag-a11","tag-a7","tag-bombeiros-voluntarios-de-guimaraes","tag-despiste","tag-en-206","tag-ronfe"],"_links":{"self":[{"href":"https:\/\/www.bv-guimaraes.org\/site\/wp-json\/wp\/v2\/posts\/6123","targetHints":{"allow":["GET"]}}],"collection":[{"href":"https:\/\/www.bv-guimaraes.org\/site\/wp-json\/wp\/v2\/posts"}],"about":[{"href":"https:\/\/www.bv-guimaraes.org\/site\/wp-json\/wp\/v2\/types\/post"}],"author":[{"embeddable":true,"href":"https:\/\/www.bv-guimaraes.org\/site\/wp-json\/wp\/v2\/users\/5"}],"replies":[{"embeddable":true,"href":"https:\/\/www.bv-guimaraes.org\/site\/wp-json\/wp\/v2\/comments?post=6123"}],"version-history":[{"count":4,"href":"https:\/\/www.bv-guimaraes.org\/site\/wp-json\/wp\/v2\/posts\/6123\/revisions"}],"predecessor-version":[{"id":6127,"href":"https:\/\/www.bv-guimaraes.org\/site\/wp-json\/wp\/v2\/posts\/6123\/revisions\/6127"}],"wp:attachment":[{"href":"https:\/\/www.bv-guimaraes.org\/site\/wp-json\/wp\/v2\/media?parent=6123"}],"wp:term":[{"taxonomy":"category","embeddable":true,"href":"https:\/\/www.bv-guimaraes.org\/site\/wp-json\/wp\/v2\/categories?post=6123"},{"taxonomy":"post_tag","embeddable":true,"href":"https:\/\/www.bv-guimaraes.org\/site\/wp-json\/wp\/v2\/tags?post=6123"}],"curies":[{"name":"wp","href":"https:\/\/api.w.org\/{rel}","templated":true}]}}