{"id":6418,"date":"2013-06-10T19:50:12","date_gmt":"2013-06-10T19:50:12","guid":{"rendered":"http:\/\/www.bv-guimaraes.org\/site\/?p=6418"},"modified":"2016-11-17T09:14:08","modified_gmt":"2016-11-17T09:14:08","slug":"workshop-bombeiro-junior","status":"publish","type":"post","link":"https:\/\/www.bv-guimaraes.org\/site\/workshop-bombeiro-junior\/","title":{"rendered":"Workshop &#8220;Bombeiro Junior&#8221;"},"content":{"rendered":"<p style=\"text-align: justify;\">A Juvebombeiro deste Corpo de Bombeiros vai realizar um workshop &#8220;Bombeiro Junior&#8221;, que ser\u00e1 um conv\u00edvio pedag\u00f3gico a realizar no pr\u00f3ximo dia 29 de Junho de 2013 (s\u00e1bado), entre jovens pertencentes ao nosso concelho, proporcionar-lhes a oportunidade de conhecerem mais de perto o modo de atua\u00e7\u00e3o dos bombeiros, bem como os princ\u00edpios que os orientam e as causas porque lutam.<\/p>\n<p style=\"text-align: justify;\">Para tal, todos os jovens com idades compreendidas entre os 12 a 15 anos de idade interessados em participar neste conv\u00edvio, deve, os seus pais inscreverem-nos na secretaria do comando at\u00e9 \u00e0s 15:00 do dia 28 de Junho de 2013.<\/p>\n<p style=\"text-align: justify;\">Se informa que o n.\u00ba limite de jovens \u00e9 de 20 (vinte). Para mais informa\u00e7\u00f5es \u00e9 favor contactar a secretaria do comando atrav\u00e9s do n\u00famero 253 515 444 durante o hor\u00e1rio de expediente.<\/p>\n<p style=\"text-align: center;\"><a href=\"http:\/\/www.bv-guimaraes.org\/site\/wp-content\/uploads\/CARTAZ1.jpg\" data-rel=\"lightbox-gallery-QY5IVcwm\" data-rl_title=\"\" data-rl_caption=\"\"><img loading=\"lazy\" decoding=\"async\" class=\"aligncenter size-full wp-image-6419\" title=\"\" src=\"http:\/\/www.bv-guimaraes.org\/site\/wp-content\/uploads\/CARTAZ1.jpg\" alt=\"\" width=\"421\" height=\"626\" srcset=\"https:\/\/www.bv-guimaraes.org\/site\/wp-content\/uploads\/CARTAZ1.jpg 688w, https:\/\/www.bv-guimaraes.org\/site\/wp-content\/uploads\/CARTAZ1-201x300.jpg 201w\" sizes=\"auto, (max-width: 421px) 100vw, 421px\" \/><\/a><\/p>\n<table border=\"0\">\n<tbody>\n<tr>\n<th colspan=\"3\" align=\"center\">Workshop &#8220;BOMBEIRO JUNIOR&#8221;<\/th>\n<\/tr>\n<tr>\n<th colspan=\"3\" align=\"center\">Programa<\/th>\n<\/tr>\n<tr>\n<th style=\"text-align: left;\">14:00<\/th>\n<th style=\"text-align: left;\"><\/th>\n<td style=\"text-align: left;\">Apresenta\u00e7\u00e3o<\/td>\n<\/tr>\n<tr>\n<th style=\"text-align: left;\">14:25<\/th>\n<th style=\"text-align: left;\"><\/th>\n<td style=\"text-align: left;\">Ordem Unida<\/td>\n<\/tr>\n<tr>\n<th style=\"text-align: left;\">15:00<\/th>\n<th style=\"text-align: left;\"><\/th>\n<td style=\"text-align: left;\">No\u00e7\u00f5es B\u00e1sicas de Socorrismo\/Combate a Inc\u00eandios<\/td>\n<\/tr>\n<tr>\n<th style=\"text-align: left;\"><\/th>\n<th style=\"text-align: left;\"><\/th>\n<td style=\"text-align: left;\"><em><strong>Nota: Os participantes ser\u00e3o divididos em dois grupos, pelo que estes temas ser\u00e3o abordados em simult\u00e2neo. A segunda s\u00e9rie decorrer\u00e1 depois do lanche.<\/strong><\/em><\/td>\n<\/tr>\n<tr>\n<th style=\"text-align: left;\">16:05<\/th>\n<th style=\"text-align: left;\"><\/th>\n<td style=\"text-align: left;\">Lanche<\/td>\n<\/tr>\n<tr>\n<th style=\"text-align: left;\">16:40<\/th>\n<th style=\"text-align: left;\"><\/th>\n<td style=\"text-align: left;\">No\u00e7\u00f5es B\u00e1sicas de Socorrismo\/Combate a Inc\u00eandios<\/td>\n<\/tr>\n<tr>\n<th style=\"text-align: left;\">17:45<\/th>\n<th style=\"text-align: left;\"><\/th>\n<td style=\"text-align: left;\">Grande \u00c2ngulo<\/td>\n<\/tr>\n<tr>\n<th style=\"text-align: left;\"> 18:50<\/th>\n<td style=\"text-align: left;\"><\/td>\n<td style=\"text-align: left;\">Agradecimentos no Sal\u00e3o Nobre e entrega de Diplomas.<\/td>\n<\/tr>\n<\/tbody>\n<\/table>\n","protected":false},"excerpt":{"rendered":"<p>A Juvebombeiro deste Corpo de Bombeiros vai realizar um workshop &#8220;Bombeiro Junior&#8221;, que ser\u00e1 um conv\u00edvio pedag\u00f3gico a realizar no pr\u00f3ximo dia 29 de Junho de 2013 (s\u00e1bado), entre jovens pertencentes ao nosso concelho, proporcionar-lhes a oportunidade de conhecerem mais<\/p>\n","protected":false},"author":5,"featured_media":0,"comment_status":"open","ping_status":"closed","sticky":false,"template":"","format":"standard","meta":{"ngg_post_thumbnail":0,"footnotes":""},"categories":[3],"tags":[594,18,64],"class_list":["post-6418","post","type-post","status-publish","format-standard","hentry","category-noticias-quartel","tag-bombeiro-junior","tag-bombeiros-voluntarios-de-guimaraes","tag-juvebombeiro"],"_links":{"self":[{"href":"https:\/\/www.bv-guimaraes.org\/site\/wp-json\/wp\/v2\/posts\/6418","targetHints":{"allow":["GET"]}}],"collection":[{"href":"https:\/\/www.bv-guimaraes.org\/site\/wp-json\/wp\/v2\/posts"}],"about":[{"href":"https:\/\/www.bv-guimaraes.org\/site\/wp-json\/wp\/v2\/types\/post"}],"author":[{"embeddable":true,"href":"https:\/\/www.bv-guimaraes.org\/site\/wp-json\/wp\/v2\/users\/5"}],"replies":[{"embeddable":true,"href":"https:\/\/www.bv-guimaraes.org\/site\/wp-json\/wp\/v2\/comments?post=6418"}],"version-history":[{"count":8,"href":"https:\/\/www.bv-guimaraes.org\/site\/wp-json\/wp\/v2\/posts\/6418\/revisions"}],"predecessor-version":[{"id":6445,"href":"https:\/\/www.bv-guimaraes.org\/site\/wp-json\/wp\/v2\/posts\/6418\/revisions\/6445"}],"wp:attachment":[{"href":"https:\/\/www.bv-guimaraes.org\/site\/wp-json\/wp\/v2\/media?parent=6418"}],"wp:term":[{"taxonomy":"category","embeddable":true,"href":"https:\/\/www.bv-guimaraes.org\/site\/wp-json\/wp\/v2\/categories?post=6418"},{"taxonomy":"post_tag","embeddable":true,"href":"https:\/\/www.bv-guimaraes.org\/site\/wp-json\/wp\/v2\/tags?post=6418"}],"curies":[{"name":"wp","href":"https:\/\/api.w.org\/{rel}","templated":true}]}}