{"id":6426,"date":"2013-06-15T02:29:17","date_gmt":"2013-06-15T02:29:17","guid":{"rendered":"http:\/\/www.bv-guimaraes.org\/site\/?p=6426"},"modified":"2013-06-15T02:29:17","modified_gmt":"2013-06-15T02:29:17","slug":"acidente-um-ferido-grave-e-dois-ligeiros-em-colisao","status":"publish","type":"post","link":"https:\/\/www.bv-guimaraes.org\/site\/acidente-um-ferido-grave-e-dois-ligeiros-em-colisao\/","title":{"rendered":"ACIDENTE | Um ferido grave e dois ligeiros em colis\u00e3o."},"content":{"rendered":"<p style=\"text-align: justify;\"><a href=\"http:\/\/www.bv-guimaraes.org\/site\/wp-content\/uploads\/inem_noite.jpg\" data-rel=\"lightbox-gallery-au0ZqtHk\" data-rl_title=\"\" data-rl_caption=\"\"><img loading=\"lazy\" decoding=\"async\" class=\"alignleft size-full wp-image-6428\" title=\"\" src=\"http:\/\/www.bv-guimaraes.org\/site\/wp-content\/uploads\/inem_noite.jpg\" alt=\"\" width=\"192\" height=\"144\" \/><\/a>Um ferido grave e dois ligeiros foi o resultado de uma colis\u00e3o entre dois autom\u00f3veis, ocorrida durante a noite desta sexta-feira, dia 14, na Rua da Pisca, em Creixomil.<br \/>\nO alerta foi dado pelas 22:00, tendo sido mobilizados para o local do acidente, duas ambul\u00e2ncias e quatro bombeiros contando ainda com o apoio da VMER de Guimar\u00e3es.<br \/>\nFace \u00e0 colis\u00e3o uma das viaturas capotou, originado que uma v\u00edtima masculina de 19 anos fosse projetada para fora do ve\u00edculo provocando-lhe ferimentos graves. As outras duas v\u00edtimas, dois homens de 21 e 28 anos, apresentavam apenas ferimentos ligeiros. Ap\u00f3s estabilizadas no local, todas as v\u00edtimas foram transportadas para o Centro Hospitalar Alto Ave &#8211; Unidade Guimar\u00e3es.<br \/>\nNo local esteve ainda a PSP e a Pol\u00edcia Municipal que condicionaram o tr\u00e2nsito naquela art\u00e9ria durante as opera\u00e7\u00f5es de socorro.<\/p>\n","protected":false},"excerpt":{"rendered":"<p>Um ferido grave e dois ligeiros foi o resultado de uma colis\u00e3o entre dois autom\u00f3veis, ocorrida durante a noite desta sexta-feira, dia 14, na Rua da Pisca, em Creixomil. O alerta foi dado pelas 22:00, tendo sido mobilizados para o<\/p>\n","protected":false},"author":5,"featured_media":0,"comment_status":"open","ping_status":"closed","sticky":false,"template":"","format":"standard","meta":{"ngg_post_thumbnail":0,"footnotes":""},"categories":[4],"tags":[18,34,102,213,47,116],"class_list":["post-6426","post","type-post","status-publish","format-standard","hentry","category-noticias-gerais","tag-bombeiros-voluntarios-de-guimaraes","tag-colisao","tag-creixomil","tag-ferido-grave","tag-feridos","tag-vmer"],"_links":{"self":[{"href":"https:\/\/www.bv-guimaraes.org\/site\/wp-json\/wp\/v2\/posts\/6426","targetHints":{"allow":["GET"]}}],"collection":[{"href":"https:\/\/www.bv-guimaraes.org\/site\/wp-json\/wp\/v2\/posts"}],"about":[{"href":"https:\/\/www.bv-guimaraes.org\/site\/wp-json\/wp\/v2\/types\/post"}],"author":[{"embeddable":true,"href":"https:\/\/www.bv-guimaraes.org\/site\/wp-json\/wp\/v2\/users\/5"}],"replies":[{"embeddable":true,"href":"https:\/\/www.bv-guimaraes.org\/site\/wp-json\/wp\/v2\/comments?post=6426"}],"version-history":[{"count":3,"href":"https:\/\/www.bv-guimaraes.org\/site\/wp-json\/wp\/v2\/posts\/6426\/revisions"}],"predecessor-version":[{"id":6479,"href":"https:\/\/www.bv-guimaraes.org\/site\/wp-json\/wp\/v2\/posts\/6426\/revisions\/6479"}],"wp:attachment":[{"href":"https:\/\/www.bv-guimaraes.org\/site\/wp-json\/wp\/v2\/media?parent=6426"}],"wp:term":[{"taxonomy":"category","embeddable":true,"href":"https:\/\/www.bv-guimaraes.org\/site\/wp-json\/wp\/v2\/categories?post=6426"},{"taxonomy":"post_tag","embeddable":true,"href":"https:\/\/www.bv-guimaraes.org\/site\/wp-json\/wp\/v2\/tags?post=6426"}],"curies":[{"name":"wp","href":"https:\/\/api.w.org\/{rel}","templated":true}]}}