{"id":6431,"date":"2013-06-17T16:10:06","date_gmt":"2013-06-17T16:10:06","guid":{"rendered":"http:\/\/www.bv-guimaraes.org\/site\/?p=6431"},"modified":"2013-06-17T16:10:06","modified_gmt":"2013-06-17T16:10:06","slug":"incendio-automovel-ardeu-junto-ao-parque-das-hortas","status":"publish","type":"post","link":"https:\/\/www.bv-guimaraes.org\/site\/incendio-automovel-ardeu-junto-ao-parque-das-hortas\/","title":{"rendered":"INC\u00caNDIO | Autom\u00f3vel ardeu junto ao Parque das Hortas"},"content":{"rendered":"<p style=\"text-align: justify;\"><a href=\"http:\/\/www.bv-guimaraes.org\/site\/wp-content\/uploads\/Carro-arder-_1.jpg\" data-rel=\"lightbox-gallery-836trYAS\" data-rl_title=\"\" data-rl_caption=\"\"><img loading=\"lazy\" decoding=\"async\" class=\"alignleft size-full wp-image-6432\" title=\"\" src=\"http:\/\/www.bv-guimaraes.org\/site\/wp-content\/uploads\/Carro-arder-_1.jpg\" alt=\"\" width=\"180\" height=\"168\" \/><\/a>Uma viatura ardeu parcialmente, esta segunda-feira de manh\u00e3, dia 17, na Rua Rei do Pegu, junto ao Parque das Hortas.<\/p>\n<p>O alerto foi dado pelas 09:30, tendo de imediato sido enviado para o local uma viatura com quatro bombeiros. A r\u00e1pida interven\u00e7\u00e3o permitiu que a viatura ficasse parcialmente destru\u00edda, nomeadamente a parte da da frente.<\/p>\n<p>No local esteve ainda a PSP, que cortou o tr\u00e2nsito durante o combate e rescaldo do inc\u00eandio.<\/p>\n<p style=\"text-align: justify;\">\n<p style=\"text-align: center;\"><a href=\"http:\/\/www.bv-guimaraes.org\/site\/wp-content\/uploads\/Carro-arder-_2.jpg\" data-rel=\"lightbox-gallery-836trYAS\" data-rl_title=\"\" data-rl_caption=\"\"><img loading=\"lazy\" decoding=\"async\" class=\"aligncenter size-full wp-image-6435\" title=\"\" src=\"http:\/\/www.bv-guimaraes.org\/site\/wp-content\/uploads\/Carro-arder-_2.jpg\" alt=\"\" width=\"550\" height=\"400\" srcset=\"https:\/\/www.bv-guimaraes.org\/site\/wp-content\/uploads\/Carro-arder-_2.jpg 550w, https:\/\/www.bv-guimaraes.org\/site\/wp-content\/uploads\/Carro-arder-_2-300x218.jpg 300w\" sizes=\"auto, (max-width: 550px) 100vw, 550px\" \/><\/a><\/p>\n<p style=\"text-align: center;\"><a href=\"http:\/\/www.bv-guimaraes.org\/site\/wp-content\/uploads\/Carro-arder-_4.jpg\" data-rel=\"lightbox-gallery-836trYAS\" data-rl_title=\"\" data-rl_caption=\"\"><img loading=\"lazy\" decoding=\"async\" class=\"aligncenter size-full wp-image-6438\" title=\"\" src=\"http:\/\/www.bv-guimaraes.org\/site\/wp-content\/uploads\/Carro-arder-_4.jpg\" alt=\"\" width=\"550\" height=\"400\" srcset=\"https:\/\/www.bv-guimaraes.org\/site\/wp-content\/uploads\/Carro-arder-_4.jpg 550w, https:\/\/www.bv-guimaraes.org\/site\/wp-content\/uploads\/Carro-arder-_4-300x218.jpg 300w\" sizes=\"auto, (max-width: 550px) 100vw, 550px\" \/><\/a><\/p>\n<p style=\"text-align: center;\"><a href=\"http:\/\/www.bv-guimaraes.org\/site\/wp-content\/uploads\/Carro-arder-_3.jpg\" data-rel=\"lightbox-gallery-836trYAS\" data-rl_title=\"\" data-rl_caption=\"\"><img loading=\"lazy\" decoding=\"async\" class=\"aligncenter size-full wp-image-6440\" title=\"\" src=\"http:\/\/www.bv-guimaraes.org\/site\/wp-content\/uploads\/Carro-arder-_3.jpg\" alt=\"\" width=\"550\" height=\"400\" srcset=\"https:\/\/www.bv-guimaraes.org\/site\/wp-content\/uploads\/Carro-arder-_3.jpg 550w, https:\/\/www.bv-guimaraes.org\/site\/wp-content\/uploads\/Carro-arder-_3-300x218.jpg 300w\" sizes=\"auto, (max-width: 550px) 100vw, 550px\" \/><\/a><\/p>\n<p style=\"text-align: center;\"><strong>fotos<\/strong> | gmrtTV<\/p>\n","protected":false},"excerpt":{"rendered":"<p>Uma viatura ardeu parcialmente, esta segunda-feira de manh\u00e3, dia 17, na Rua Rei do Pegu, junto ao Parque das Hortas. O alerto foi dado pelas 09:30, tendo de imediato sido enviado para o local uma viatura com quatro bombeiros. A<\/p>\n","protected":false},"author":5,"featured_media":0,"comment_status":"open","ping_status":"closed","sticky":false,"template":"","format":"standard","meta":{"ngg_post_thumbnail":0,"footnotes":""},"categories":[4],"tags":[18,595],"class_list":["post-6431","post","type-post","status-publish","format-standard","hentry","category-noticias-gerais","tag-bombeiros-voluntarios-de-guimaraes","tag-incendio-viatura"],"_links":{"self":[{"href":"https:\/\/www.bv-guimaraes.org\/site\/wp-json\/wp\/v2\/posts\/6431","targetHints":{"allow":["GET"]}}],"collection":[{"href":"https:\/\/www.bv-guimaraes.org\/site\/wp-json\/wp\/v2\/posts"}],"about":[{"href":"https:\/\/www.bv-guimaraes.org\/site\/wp-json\/wp\/v2\/types\/post"}],"author":[{"embeddable":true,"href":"https:\/\/www.bv-guimaraes.org\/site\/wp-json\/wp\/v2\/users\/5"}],"replies":[{"embeddable":true,"href":"https:\/\/www.bv-guimaraes.org\/site\/wp-json\/wp\/v2\/comments?post=6431"}],"version-history":[{"count":9,"href":"https:\/\/www.bv-guimaraes.org\/site\/wp-json\/wp\/v2\/posts\/6431\/revisions"}],"predecessor-version":[{"id":6716,"href":"https:\/\/www.bv-guimaraes.org\/site\/wp-json\/wp\/v2\/posts\/6431\/revisions\/6716"}],"wp:attachment":[{"href":"https:\/\/www.bv-guimaraes.org\/site\/wp-json\/wp\/v2\/media?parent=6431"}],"wp:term":[{"taxonomy":"category","embeddable":true,"href":"https:\/\/www.bv-guimaraes.org\/site\/wp-json\/wp\/v2\/categories?post=6431"},{"taxonomy":"post_tag","embeddable":true,"href":"https:\/\/www.bv-guimaraes.org\/site\/wp-json\/wp\/v2\/tags?post=6431"}],"curies":[{"name":"wp","href":"https:\/\/api.w.org\/{rel}","templated":true}]}}