{"id":6537,"date":"2013-08-20T00:26:39","date_gmt":"2013-08-20T00:26:39","guid":{"rendered":"http:\/\/www.bv-guimaraes.org\/site\/?p=6537"},"modified":"2013-08-20T00:26:39","modified_gmt":"2013-08-20T00:26:39","slug":"bombeiros-de-guimaraes-respondem-a-incendios-florestais","status":"publish","type":"post","link":"https:\/\/www.bv-guimaraes.org\/site\/bombeiros-de-guimaraes-respondem-a-incendios-florestais\/","title":{"rendered":"Bombeiros de Guimar\u00e3es respondem a inc\u00eandios florestais"},"content":{"rendered":"<p style=\"text-align: justify;\"><a href=\"http:\/\/www.bv-guimaraes.org\/site\/wp-content\/uploads\/inc\u00eandio_dois-bombeiros.jpg\" data-rel=\"lightbox-gallery-StD3bADk\" data-rl_title=\"\" data-rl_caption=\"\"><img loading=\"lazy\" decoding=\"async\" class=\"alignleft size-medium wp-image-3888\" title=\"\" src=\"http:\/\/www.bv-guimaraes.org\/site\/wp-content\/uploads\/inc\u00eandio_dois-bombeiros-300x223.jpg\" alt=\"\" width=\"240\" height=\"178\" srcset=\"https:\/\/www.bv-guimaraes.org\/site\/wp-content\/uploads\/inc\u00eandio_dois-bombeiros-300x223.jpg 300w, https:\/\/www.bv-guimaraes.org\/site\/wp-content\/uploads\/inc\u00eandio_dois-bombeiros.jpg 1024w\" sizes=\"auto, (max-width: 240px) 100vw, 240px\" \/><\/a>Os Bombeiros Volunt\u00e1rios de Guimar\u00e3es responderam durante o dia de ontem (19) a tr\u00eas inc\u00eandios florestais na sua \u00e1rea de atua\u00e7\u00e3o.<\/p>\n<p style=\"text-align: justify;\">Pelas 11:30, foi nos dado um alerta para um inc\u00eandio florestal no Lugar de Cimo de Vila, freguesia de Serzedo.<br \/>\nRecebido o alerta foi imediatamente enviado para o local um ve\u00edculo de inc\u00eandio (VRCI 01) com cinco bombeiros, contando ainda com o apoio dos colegas de Vizela que mobilizaram uma viatura e cinco bombeiros.<br \/>\nO inc\u00eandio atingiu uma \u00e1rea de cerca de cinco mil metros quadrados de \u00e1rea florestal, tendo as opera\u00e7\u00f5es de combate, rescaldo e vigil\u00e2ncia terminaram pelas 14:00.<\/p>\n<p style=\"text-align: justify;\">Minutos depois, pelas 12:10 era-nos dado um novo alerta de inc\u00eandio no Lugar do Pa\u00e7o, na freguesia de Ferment\u00f5es. Imediatamente foi accionada uma viatura de inc\u00eandio (VRCI 02) com tr\u00eas bombeiros. As chamas consumiram um total de duzentos metros quadrados de mato, tendo o inc\u00eandio sido dado como extinto pelas 13:10.<\/p>\n<p style=\"text-align: justify;\">\u00c0s 16:40 era dado o alerta para o terceiro inc\u00eandio do dia, desta vez no Lugar da Cerca, freguesia de Gominh\u00e3es. Para este inc\u00eandio, os Bombeiros de Guimar\u00e3es acionaram um ve\u00edculo de inc\u00eandio (VRCI 02) com cinco bombeiros, contando ainda com o apoio de duas viaturas de inc\u00eandio e oito bombeiros da corpora\u00e7\u00e3o das Taipas e de um helic\u00f3ptero do CMA (Centro de Meios A\u00e9reos) de Braga. Os Bombeiros Volunt\u00e1rios de Braga foram tamb\u00e9m acionados para prestar apoio, enviando um ve\u00edculo de inc\u00eandio e cinco bombeiros mas acabaram por ser desmobilizados quando se dirigiam para o teatro de opera\u00e7\u00f5es.<br \/>\nO inc\u00eandio atingiu uma \u00e1rea de cerca de dois mil metros quadrados de mato, tendo as chamas sido combatidas por um total de treze bombeiros e tr\u00eas viaturas. As opera\u00e7\u00f5es de combate, rescaldo e vigil\u00e2ncia terminaram pelas 18:48.<\/p>\n","protected":false},"excerpt":{"rendered":"<p>Os Bombeiros Volunt\u00e1rios de Guimar\u00e3es responderam durante o dia de ontem (19) a tr\u00eas inc\u00eandios florestais na sua \u00e1rea de atua\u00e7\u00e3o. Pelas 11:30, foi nos dado um alerta para um inc\u00eandio florestal no Lugar de Cimo de Vila, freguesia de<\/p>\n","protected":false},"author":5,"featured_media":0,"comment_status":"open","ping_status":"closed","sticky":false,"template":"","format":"standard","meta":{"ngg_post_thumbnail":0,"footnotes":""},"categories":[3],"tags":[18,137,133,30,143],"class_list":["post-6537","post","type-post","status-publish","format-standard","hentry","category-noticias-quartel","tag-bombeiros-voluntarios-de-guimaraes","tag-fermentoes","tag-gominhaes","tag-incendios-florestais","tag-serzedo"],"_links":{"self":[{"href":"https:\/\/www.bv-guimaraes.org\/site\/wp-json\/wp\/v2\/posts\/6537","targetHints":{"allow":["GET"]}}],"collection":[{"href":"https:\/\/www.bv-guimaraes.org\/site\/wp-json\/wp\/v2\/posts"}],"about":[{"href":"https:\/\/www.bv-guimaraes.org\/site\/wp-json\/wp\/v2\/types\/post"}],"author":[{"embeddable":true,"href":"https:\/\/www.bv-guimaraes.org\/site\/wp-json\/wp\/v2\/users\/5"}],"replies":[{"embeddable":true,"href":"https:\/\/www.bv-guimaraes.org\/site\/wp-json\/wp\/v2\/comments?post=6537"}],"version-history":[{"count":5,"href":"https:\/\/www.bv-guimaraes.org\/site\/wp-json\/wp\/v2\/posts\/6537\/revisions"}],"predecessor-version":[{"id":6542,"href":"https:\/\/www.bv-guimaraes.org\/site\/wp-json\/wp\/v2\/posts\/6537\/revisions\/6542"}],"wp:attachment":[{"href":"https:\/\/www.bv-guimaraes.org\/site\/wp-json\/wp\/v2\/media?parent=6537"}],"wp:term":[{"taxonomy":"category","embeddable":true,"href":"https:\/\/www.bv-guimaraes.org\/site\/wp-json\/wp\/v2\/categories?post=6537"},{"taxonomy":"post_tag","embeddable":true,"href":"https:\/\/www.bv-guimaraes.org\/site\/wp-json\/wp\/v2\/tags?post=6537"}],"curies":[{"name":"wp","href":"https:\/\/api.w.org\/{rel}","templated":true}]}}