{"id":6543,"date":"2013-08-24T11:19:19","date_gmt":"2013-08-24T11:19:19","guid":{"rendered":"http:\/\/www.bv-guimaraes.org\/site\/?p=6543"},"modified":"2013-08-24T11:19:19","modified_gmt":"2013-08-24T11:19:19","slug":"homenagem-nacional-os-bombeiros-falecidos","status":"publish","type":"post","link":"https:\/\/www.bv-guimaraes.org\/site\/homenagem-nacional-os-bombeiros-falecidos\/","title":{"rendered":"Homenagem Nacional os bombeiros falecidos"},"content":{"rendered":"<p style=\"text-align: justify;\"><a href=\"http:\/\/www.bv-guimaraes.org\/site\/wp-content\/uploads\/bombeiros-luto.jpg\" data-rel=\"lightbox-gallery-H3FeS0We\" data-rl_title=\"\" data-rl_caption=\"\"><img loading=\"lazy\" decoding=\"async\" class=\"alignleft size-medium wp-image-6546\" title=\"\" src=\"http:\/\/www.bv-guimaraes.org\/site\/wp-content\/uploads\/bombeiros-luto-282x300.jpg\" alt=\"\" width=\"142\" height=\"151\" srcset=\"https:\/\/www.bv-guimaraes.org\/site\/wp-content\/uploads\/bombeiros-luto-282x300.jpg 282w, https:\/\/www.bv-guimaraes.org\/site\/wp-content\/uploads\/bombeiros-luto.jpg 595w\" sizes=\"auto, (max-width: 142px) 100vw, 142px\" \/><\/a>Dando seguimento \u00e0 proposta da Liga dos Bombeiros Portugueses, a Associa\u00e7\u00e3o Humanit\u00e1ria dos Bombeiros Volunt\u00e1rios de Guimar\u00e3es associa-se \u00e0 homenagem Nacional de todos os colegas Bombeiros falecidos em servi\u00e7o.<\/p>\n<p>Assim, a bandeira desta institui\u00e7\u00e3o foi hoje hasteada a meia haste, e \u00e0s 16:00, hora a que se realizar\u00e1 o funeral da nossa companheira Ana Rita Pereira que pereceu no inc\u00eandio florestal na Serra do Caramulo, ser\u00e1 acionado o toque de sirene durante 30 segundos.<\/p>\n","protected":false},"excerpt":{"rendered":"<p>Dando seguimento \u00e0 proposta da Liga dos Bombeiros Portugueses, a Associa\u00e7\u00e3o Humanit\u00e1ria dos Bombeiros Volunt\u00e1rios de Guimar\u00e3es associa-se \u00e0 homenagem Nacional de todos os colegas Bombeiros falecidos em servi\u00e7o. Assim, a bandeira desta institui\u00e7\u00e3o foi hoje hasteada a meia haste,<\/p>\n","protected":false},"author":5,"featured_media":0,"comment_status":"open","ping_status":"closed","sticky":false,"template":"","format":"standard","meta":{"ngg_post_thumbnail":0,"footnotes":""},"categories":[3],"tags":[18],"class_list":["post-6543","post","type-post","status-publish","format-standard","hentry","category-noticias-quartel","tag-bombeiros-voluntarios-de-guimaraes"],"_links":{"self":[{"href":"https:\/\/www.bv-guimaraes.org\/site\/wp-json\/wp\/v2\/posts\/6543","targetHints":{"allow":["GET"]}}],"collection":[{"href":"https:\/\/www.bv-guimaraes.org\/site\/wp-json\/wp\/v2\/posts"}],"about":[{"href":"https:\/\/www.bv-guimaraes.org\/site\/wp-json\/wp\/v2\/types\/post"}],"author":[{"embeddable":true,"href":"https:\/\/www.bv-guimaraes.org\/site\/wp-json\/wp\/v2\/users\/5"}],"replies":[{"embeddable":true,"href":"https:\/\/www.bv-guimaraes.org\/site\/wp-json\/wp\/v2\/comments?post=6543"}],"version-history":[{"count":4,"href":"https:\/\/www.bv-guimaraes.org\/site\/wp-json\/wp\/v2\/posts\/6543\/revisions"}],"predecessor-version":[{"id":6549,"href":"https:\/\/www.bv-guimaraes.org\/site\/wp-json\/wp\/v2\/posts\/6543\/revisions\/6549"}],"wp:attachment":[{"href":"https:\/\/www.bv-guimaraes.org\/site\/wp-json\/wp\/v2\/media?parent=6543"}],"wp:term":[{"taxonomy":"category","embeddable":true,"href":"https:\/\/www.bv-guimaraes.org\/site\/wp-json\/wp\/v2\/categories?post=6543"},{"taxonomy":"post_tag","embeddable":true,"href":"https:\/\/www.bv-guimaraes.org\/site\/wp-json\/wp\/v2\/tags?post=6543"}],"curies":[{"name":"wp","href":"https:\/\/api.w.org\/{rel}","templated":true}]}}