{"id":6717,"date":"2014-03-14T22:15:32","date_gmt":"2014-03-14T22:15:32","guid":{"rendered":"http:\/\/www.bv-guimaraes.org\/site\/?p=6717"},"modified":"2014-03-15T22:37:06","modified_gmt":"2014-03-15T22:37:06","slug":"incendio-automovel-ardeu-no-guimaraes-shopping","status":"publish","type":"post","link":"https:\/\/www.bv-guimaraes.org\/site\/incendio-automovel-ardeu-no-guimaraes-shopping\/","title":{"rendered":"INC\u00caNDIO | Autom\u00f3vel ardeu no Guimar\u00e3es Shopping"},"content":{"rendered":"<figure id=\"attachment_6435\" aria-describedby=\"caption-attachment-6435\" style=\"width: 150px\" class=\"wp-caption alignleft\"><a href=\"http:\/\/www.bv-guimaraes.org\/site\/wp-content\/uploads\/Carro-arder-_2.jpg\" data-rel=\"lightbox-gallery-OU771alr\" data-rl_title=\"\" data-rl_caption=\"\"><img loading=\"lazy\" decoding=\"async\" class=\"size-thumbnail wp-image-6435\" title=\"\" src=\"http:\/\/www.bv-guimaraes.org\/site\/wp-content\/uploads\/Carro-arder-_2-150x150.jpg\" alt=\"\" width=\"150\" height=\"150\" \/><\/a><figcaption id=\"caption-attachment-6435\" class=\"wp-caption-text\">Imagem de Arquivo<\/figcaption><\/figure>\n<p style=\"text-align: justify;\">Uma viatura ligeira ardeu parcialmente, esta sexta-feira ao in\u00edcio da noite, dia 14, num dos parques de estacionamento do Guimar\u00e3es Shopping.<\/p>\n<p>O alerta foi dado pelas 20:54, tendo de imediato sido enviado para o local uma viatura (VUCI 01) com seis bombeiros que quando chegaram ao local procederam apenas \u00e0 consolida\u00e7\u00e3o do rescaldo. J\u00e1 que a r\u00e1pida interven\u00e7\u00e3o dos vigilantes e de um bombeiro volunt\u00e1rio de guimar\u00e3es que se encontrava a trabalhar naquele espa\u00e7o comercial, permitiu que o inc\u00eandio n\u00e3o se alastrasse a outras viaturas estacionadas no mesmo parque.<\/p>\n<p>A viatura de marca Rover, ficou com o compartimento do motor totalmente destru\u00eddo, tendo tamb\u00e9m o interior da viatura ficado danificado pela a\u00e7\u00e3o do fumo. Os trabalhos de consolida\u00e7\u00e3o do rescaldo foram terminados pelas 21:30.<\/p>\n","protected":false},"excerpt":{"rendered":"<p>Uma viatura ligeira ardeu parcialmente, esta sexta-feira ao in\u00edcio da noite, dia 14, num dos parques de estacionamento do Guimar\u00e3es Shopping. O alerta foi dado pelas 20:54, tendo de imediato sido enviado para o local uma viatura (VUCI 01) com<\/p>\n","protected":false},"author":5,"featured_media":0,"comment_status":"open","ping_status":"closed","sticky":false,"template":"","format":"standard","meta":{"ngg_post_thumbnail":0,"footnotes":""},"categories":[4],"tags":[18,302,595,609],"class_list":["post-6717","post","type-post","status-publish","format-standard","hentry","category-noticias-gerais","tag-bombeiros-voluntarios-de-guimaraes","tag-guimaraes-shopping","tag-incendio-viatura","tag-parque-estacionamento"],"_links":{"self":[{"href":"https:\/\/www.bv-guimaraes.org\/site\/wp-json\/wp\/v2\/posts\/6717","targetHints":{"allow":["GET"]}}],"collection":[{"href":"https:\/\/www.bv-guimaraes.org\/site\/wp-json\/wp\/v2\/posts"}],"about":[{"href":"https:\/\/www.bv-guimaraes.org\/site\/wp-json\/wp\/v2\/types\/post"}],"author":[{"embeddable":true,"href":"https:\/\/www.bv-guimaraes.org\/site\/wp-json\/wp\/v2\/users\/5"}],"replies":[{"embeddable":true,"href":"https:\/\/www.bv-guimaraes.org\/site\/wp-json\/wp\/v2\/comments?post=6717"}],"version-history":[{"count":9,"href":"https:\/\/www.bv-guimaraes.org\/site\/wp-json\/wp\/v2\/posts\/6717\/revisions"}],"predecessor-version":[{"id":6726,"href":"https:\/\/www.bv-guimaraes.org\/site\/wp-json\/wp\/v2\/posts\/6717\/revisions\/6726"}],"wp:attachment":[{"href":"https:\/\/www.bv-guimaraes.org\/site\/wp-json\/wp\/v2\/media?parent=6717"}],"wp:term":[{"taxonomy":"category","embeddable":true,"href":"https:\/\/www.bv-guimaraes.org\/site\/wp-json\/wp\/v2\/categories?post=6717"},{"taxonomy":"post_tag","embeddable":true,"href":"https:\/\/www.bv-guimaraes.org\/site\/wp-json\/wp\/v2\/tags?post=6717"}],"curies":[{"name":"wp","href":"https:\/\/api.w.org\/{rel}","templated":true}]}}