{"id":6729,"date":"2014-03-19T08:22:26","date_gmt":"2014-03-19T08:22:26","guid":{"rendered":"http:\/\/www.bv-guimaraes.org\/site\/?p=6729"},"modified":"2014-03-19T08:22:26","modified_gmt":"2014-03-19T08:22:26","slug":"incendio-automovel-incendiou-se-na-auto-estrada-a7","status":"publish","type":"post","link":"https:\/\/www.bv-guimaraes.org\/site\/incendio-automovel-incendiou-se-na-auto-estrada-a7\/","title":{"rendered":"INC\u00caNDIO | Autom\u00f3vel incendiou-se na auto estrada A7"},"content":{"rendered":"<p style=\"text-align: justify;\"><a href=\"http:\/\/www.bv-guimaraes.org\/site\/wp-content\/uploads\/carro_arder.jpg\" data-rel=\"lightbox-gallery-W4VF9bpR\" data-rl_title=\"\" data-rl_caption=\"\"><img loading=\"lazy\" decoding=\"async\" class=\"alignleft size-full wp-image-3927\" title=\"\" src=\"http:\/\/www.bv-guimaraes.org\/site\/wp-content\/uploads\/carro_arder.jpg\" alt=\"\" width=\"177\" height=\"123\" \/><\/a>Uma viatura de marca Peugeot ficou totalmente destru\u00edda, na noite de ter\u00e7a-feira, dia 18, ap\u00f3s um inc\u00eandio quando circulava na auto-estrada A7, na zona do N\u00f3 de Calvos.<\/p>\n<p>O alerto foi dado pelas 23:54, tendo de imediato sido enviado para o local duas viaturas com seis bombeiros que ap\u00f3s chegarem ao local constataram que a viatura j\u00e1 se encontrava toda tomada pelas chamas tendo inclusive propagado o inc\u00eandio \u00e0 vegeta\u00e7\u00e3o da berma da auto-estrada.<\/p>\n<p>As opera\u00e7\u00f5es de combate ao inc\u00eandio, rescaldo e posteriormente limpeza da via terminaram por volta das 02:12.<\/p>\n","protected":false},"excerpt":{"rendered":"<p>Uma viatura de marca Peugeot ficou totalmente destru\u00edda, na noite de ter\u00e7a-feira, dia 18, ap\u00f3s um inc\u00eandio quando circulava na auto-estrada A7, na zona do N\u00f3 de Calvos. O alerto foi dado pelas 23:54, tendo de imediato sido enviado para<\/p>\n","protected":false},"author":5,"featured_media":0,"comment_status":"open","ping_status":"closed","sticky":false,"template":"","format":"standard","meta":{"ngg_post_thumbnail":0,"footnotes":""},"categories":[4],"tags":[55,142,18,595],"class_list":["post-6729","post","type-post","status-publish","format-standard","hentry","category-noticias-gerais","tag-a7","tag-auto-estrada","tag-bombeiros-voluntarios-de-guimaraes","tag-incendio-viatura"],"_links":{"self":[{"href":"https:\/\/www.bv-guimaraes.org\/site\/wp-json\/wp\/v2\/posts\/6729","targetHints":{"allow":["GET"]}}],"collection":[{"href":"https:\/\/www.bv-guimaraes.org\/site\/wp-json\/wp\/v2\/posts"}],"about":[{"href":"https:\/\/www.bv-guimaraes.org\/site\/wp-json\/wp\/v2\/types\/post"}],"author":[{"embeddable":true,"href":"https:\/\/www.bv-guimaraes.org\/site\/wp-json\/wp\/v2\/users\/5"}],"replies":[{"embeddable":true,"href":"https:\/\/www.bv-guimaraes.org\/site\/wp-json\/wp\/v2\/comments?post=6729"}],"version-history":[{"count":5,"href":"https:\/\/www.bv-guimaraes.org\/site\/wp-json\/wp\/v2\/posts\/6729\/revisions"}],"predecessor-version":[{"id":6734,"href":"https:\/\/www.bv-guimaraes.org\/site\/wp-json\/wp\/v2\/posts\/6729\/revisions\/6734"}],"wp:attachment":[{"href":"https:\/\/www.bv-guimaraes.org\/site\/wp-json\/wp\/v2\/media?parent=6729"}],"wp:term":[{"taxonomy":"category","embeddable":true,"href":"https:\/\/www.bv-guimaraes.org\/site\/wp-json\/wp\/v2\/categories?post=6729"},{"taxonomy":"post_tag","embeddable":true,"href":"https:\/\/www.bv-guimaraes.org\/site\/wp-json\/wp\/v2\/tags?post=6729"}],"curies":[{"name":"wp","href":"https:\/\/api.w.org\/{rel}","templated":true}]}}