{"id":6936,"date":"2015-01-10T20:59:11","date_gmt":"2015-01-10T20:59:11","guid":{"rendered":"http:\/\/www.bv-guimaraes.org\/site\/?p=6936"},"modified":"2015-01-10T21:02:32","modified_gmt":"2015-01-10T21:02:32","slug":"rebentamento-de-caldeira-provoca-ferimentos-muito-graves-num-homem","status":"publish","type":"post","link":"https:\/\/www.bv-guimaraes.org\/site\/rebentamento-de-caldeira-provoca-ferimentos-muito-graves-num-homem\/","title":{"rendered":"Rebentamento de caldeira provoca ferimentos muito graves num homem"},"content":{"rendered":"<p style=\"text-align: justify;\"><a href=\"http:\/\/www.bv-guimaraes.org\/site\/wp-content\/uploads\/ambulancia_pm.jpg\" data-rel=\"lightbox-gallery-vzKxSPo4\" data-rl_title=\"\" data-rl_caption=\"\" title=\"\"><img loading=\"lazy\" decoding=\"async\" class=\"alignleft size-full wp-image-6937\" src=\"http:\/\/www.bv-guimaraes.org\/site\/wp-content\/uploads\/ambulancia_pm.jpg\" alt=\"ambulancia_pm\" width=\"192\" height=\"144\" \/><\/a>Um homem com 60 anos sofreu ferimentos muito graves, na manh\u00e3 de sexta-feira, dia 9, devido ao rebentamento de uma caldeira numa unidade fabril, situada na vila de Ronfe. Tendo sido atingido com \u00e1gua a ferver e que originou que ficasse com queimaduras de segundo e terceiro em 90% do corpo.<br \/>\nO alerta foi dado \u00e0s 07:39, tendo sido mobilizado de imediato uma ambul\u00e2ncia e dois bombeiros, contando ainda com o apoio da VMER de Guimar\u00e3es.<br \/>\nAp\u00f3s estabilizada no local, a v\u00edtima foi transportada para o Centro Hospitalar Alto Ave &#8211; Unidade Guimar\u00e3es.<br \/>\nPosteriormente e face \u00e0 gravidade da v\u00edtima, o Centro Hospitalar Alto Ave solicitou a ambul\u00e2ncia de cuidados intensivos deste corpo de bombeiros afim de transportar a v\u00edtima para a Unidade de Queimados do Hospital da Prelada no Porto.<\/p>\n","protected":false},"excerpt":{"rendered":"<p>Um homem com 60 anos sofreu ferimentos muito graves, na manh\u00e3 de sexta-feira, dia 9, devido ao rebentamento de uma caldeira numa unidade fabril, situada na vila de Ronfe. Tendo sido atingido com \u00e1gua a ferver e que originou que<\/p>\n","protected":false},"author":5,"featured_media":0,"comment_status":"open","ping_status":"closed","sticky":false,"template":"","format":"standard","meta":{"ngg_post_thumbnail":0,"footnotes":""},"categories":[4],"tags":[18,213,573,118,116],"class_list":["post-6936","post","type-post","status-publish","format-standard","hentry","category-noticias-gerais","tag-bombeiros-voluntarios-de-guimaraes","tag-ferido-grave","tag-queimado","tag-ronfe","tag-vmer"],"_links":{"self":[{"href":"https:\/\/www.bv-guimaraes.org\/site\/wp-json\/wp\/v2\/posts\/6936","targetHints":{"allow":["GET"]}}],"collection":[{"href":"https:\/\/www.bv-guimaraes.org\/site\/wp-json\/wp\/v2\/posts"}],"about":[{"href":"https:\/\/www.bv-guimaraes.org\/site\/wp-json\/wp\/v2\/types\/post"}],"author":[{"embeddable":true,"href":"https:\/\/www.bv-guimaraes.org\/site\/wp-json\/wp\/v2\/users\/5"}],"replies":[{"embeddable":true,"href":"https:\/\/www.bv-guimaraes.org\/site\/wp-json\/wp\/v2\/comments?post=6936"}],"version-history":[{"count":3,"href":"https:\/\/www.bv-guimaraes.org\/site\/wp-json\/wp\/v2\/posts\/6936\/revisions"}],"predecessor-version":[{"id":6940,"href":"https:\/\/www.bv-guimaraes.org\/site\/wp-json\/wp\/v2\/posts\/6936\/revisions\/6940"}],"wp:attachment":[{"href":"https:\/\/www.bv-guimaraes.org\/site\/wp-json\/wp\/v2\/media?parent=6936"}],"wp:term":[{"taxonomy":"category","embeddable":true,"href":"https:\/\/www.bv-guimaraes.org\/site\/wp-json\/wp\/v2\/categories?post=6936"},{"taxonomy":"post_tag","embeddable":true,"href":"https:\/\/www.bv-guimaraes.org\/site\/wp-json\/wp\/v2\/tags?post=6936"}],"curies":[{"name":"wp","href":"https:\/\/api.w.org\/{rel}","templated":true}]}}