{"id":7094,"date":"2015-12-07T10:52:11","date_gmt":"2015-12-07T10:52:11","guid":{"rendered":"http:\/\/www.bv-guimaraes.org\/site\/?p=7094"},"modified":"2015-12-08T10:37:37","modified_gmt":"2015-12-08T10:37:37","slug":"incendio-veiculo-incendiou-se-na-auto-estrada-a7","status":"publish","type":"post","link":"https:\/\/www.bv-guimaraes.org\/site\/incendio-veiculo-incendiou-se-na-auto-estrada-a7\/","title":{"rendered":"INC\u00caNDIO | Ve\u00edculo incendiou-se na auto estrada A7"},"content":{"rendered":"<figure id=\"attachment_7095\" aria-describedby=\"caption-attachment-7095\" style=\"width: 303px\" class=\"wp-caption alignleft\"><a href=\"http:\/\/www.bv-guimaraes.org\/site\/wp-content\/uploads\/inc\u00eandio_A7.jpg\" data-rel=\"lightbox-gallery-Nkn5hXaL\" data-rl_title=\"\" data-rl_caption=\"\" title=\"\"><img loading=\"lazy\" decoding=\"async\" class=\"wp-image-7095\" src=\"http:\/\/www.bv-guimaraes.org\/site\/wp-content\/uploads\/inc\u00eandio_A7-300x168.jpg\" alt=\"inc\u00eandio_A7\" width=\"303\" height=\"170\" srcset=\"https:\/\/www.bv-guimaraes.org\/site\/wp-content\/uploads\/inc\u00eandio_A7-300x168.jpg 300w, https:\/\/www.bv-guimaraes.org\/site\/wp-content\/uploads\/inc\u00eandio_A7.jpg 800w\" sizes=\"auto, (max-width: 303px) 100vw, 303px\" \/><\/a><figcaption id=\"caption-attachment-7095\" class=\"wp-caption-text\">Teresa Cerejo<\/figcaption><\/figure>\n<p style=\"text-align: justify;\">Uma viatura de marca Opel Vivaro ficou totalmente destru\u00edda, ao in\u00edcio da manh\u00e3 desta segunda-feira, dia 7, ap\u00f3s um inc\u00eandio quando circulava na auto-estrada A7, no sentido Guimar\u00e3es &#8211; Fafe, ao quil\u00f3metro 43,8.<\/p>\n<p style=\"text-align: justify;\">O alerta foi dado pelas 07:56, tendo de imediato sido enviado para o local uma viatura com cinco bombeiros que ap\u00f3s chegarem ao local constataram que a viatura j\u00e1 se encontrava toda tomada pelas chamas.<\/p>\n<p style=\"text-align: justify;\">As opera\u00e7\u00f5es de combate ao inc\u00eandio, rescaldo terminaram por volta das 09:45.<\/p>\n","protected":false},"excerpt":{"rendered":"<p>Uma viatura de marca Opel Vivaro ficou totalmente destru\u00edda, ao in\u00edcio da manh\u00e3 desta segunda-feira, dia 7, ap\u00f3s um inc\u00eandio quando circulava na auto-estrada A7, no sentido Guimar\u00e3es &#8211; Fafe, ao quil\u00f3metro 43,8. O alerta foi dado pelas 07:56, tendo<\/p>\n","protected":false},"author":5,"featured_media":0,"comment_status":"open","ping_status":"closed","sticky":false,"template":"","format":"standard","meta":{"ngg_post_thumbnail":0,"footnotes":""},"categories":[4],"tags":[55,142,18,23],"class_list":["post-7094","post","type-post","status-publish","format-standard","hentry","category-noticias-gerais","tag-a7","tag-auto-estrada","tag-bombeiros-voluntarios-de-guimaraes","tag-incendio"],"_links":{"self":[{"href":"https:\/\/www.bv-guimaraes.org\/site\/wp-json\/wp\/v2\/posts\/7094","targetHints":{"allow":["GET"]}}],"collection":[{"href":"https:\/\/www.bv-guimaraes.org\/site\/wp-json\/wp\/v2\/posts"}],"about":[{"href":"https:\/\/www.bv-guimaraes.org\/site\/wp-json\/wp\/v2\/types\/post"}],"author":[{"embeddable":true,"href":"https:\/\/www.bv-guimaraes.org\/site\/wp-json\/wp\/v2\/users\/5"}],"replies":[{"embeddable":true,"href":"https:\/\/www.bv-guimaraes.org\/site\/wp-json\/wp\/v2\/comments?post=7094"}],"version-history":[{"count":6,"href":"https:\/\/www.bv-guimaraes.org\/site\/wp-json\/wp\/v2\/posts\/7094\/revisions"}],"predecessor-version":[{"id":7101,"href":"https:\/\/www.bv-guimaraes.org\/site\/wp-json\/wp\/v2\/posts\/7094\/revisions\/7101"}],"wp:attachment":[{"href":"https:\/\/www.bv-guimaraes.org\/site\/wp-json\/wp\/v2\/media?parent=7094"}],"wp:term":[{"taxonomy":"category","embeddable":true,"href":"https:\/\/www.bv-guimaraes.org\/site\/wp-json\/wp\/v2\/categories?post=7094"},{"taxonomy":"post_tag","embeddable":true,"href":"https:\/\/www.bv-guimaraes.org\/site\/wp-json\/wp\/v2\/tags?post=7094"}],"curies":[{"name":"wp","href":"https:\/\/api.w.org\/{rel}","templated":true}]}}