{"id":8192,"date":"2019-02-14T10:55:42","date_gmt":"2019-02-14T10:55:42","guid":{"rendered":"http:\/\/www.bv-guimaraes.org\/site\/?p=8192"},"modified":"2019-02-14T10:55:42","modified_gmt":"2019-02-14T10:55:42","slug":"novo-protocolo-cooperacao-com-polvoreira","status":"publish","type":"post","link":"https:\/\/www.bv-guimaraes.org\/site\/novo-protocolo-cooperacao-com-polvoreira\/","title":{"rendered":"Novo protocolo coopera\u00e7\u00e3o com Polvoreira"},"content":{"rendered":"<div dir=\"auto\">Protocolo de Coopera\u00e7\u00e3o entre a Associa\u00e7\u00e3o Humanit\u00e1ria dos Bombeiros Volunt\u00e1rios de Guimar\u00e3es e a junta de freguesia de Polvoreira.<\/div>\n<div dir=\"auto\" style=\"text-align: left;\">A Direc\u00e7\u00e3o, Comando e Corpo Activo de Bombeiros, n\u00e3o pode deixar de endere\u00e7ar os maiores agradecimentos ao Presidente Carlos Oliveira e restantes membros do executivo pela assinatura deste protocolo que, com certeza, ir\u00e1 contribuir para um melhor desempenho dos nossos bombeiros no socorro \u00e0 popula\u00e7\u00e3o que servimos.<\/div>\n<div dir=\"auto\"><\/div>\n<div dir=\"auto\"><img loading=\"lazy\" decoding=\"async\" class=\"size-large wp-image-8193 alignleft\" src=\"http:\/\/www.bv-guimaraes.org\/site\/wp-content\/uploads\/20190212_183523-1024x768.jpg\" alt=\"\" width=\"720\" height=\"540\" srcset=\"https:\/\/www.bv-guimaraes.org\/site\/wp-content\/uploads\/20190212_183523.jpg 1024w, https:\/\/www.bv-guimaraes.org\/site\/wp-content\/uploads\/20190212_183523-300x225.jpg 300w, https:\/\/www.bv-guimaraes.org\/site\/wp-content\/uploads\/20190212_183523-768x576.jpg 768w\" sizes=\"auto, (max-width: 720px) 100vw, 720px\" \/><\/div>\n<div dir=\"auto\"><\/div>\n<div dir=\"auto\"><img loading=\"lazy\" decoding=\"async\" class=\"alignright size-large wp-image-8194\" src=\"http:\/\/www.bv-guimaraes.org\/site\/wp-content\/uploads\/20190212_184004-1024x768.jpg\" alt=\"\" width=\"720\" height=\"540\" srcset=\"https:\/\/www.bv-guimaraes.org\/site\/wp-content\/uploads\/20190212_184004.jpg 1024w, https:\/\/www.bv-guimaraes.org\/site\/wp-content\/uploads\/20190212_184004-300x225.jpg 300w, https:\/\/www.bv-guimaraes.org\/site\/wp-content\/uploads\/20190212_184004-768x576.jpg 768w\" sizes=\"auto, (max-width: 720px) 100vw, 720px\" \/><\/div>\n","protected":false},"excerpt":{"rendered":"<p>Protocolo de Coopera\u00e7\u00e3o entre a Associa\u00e7\u00e3o Humanit\u00e1ria dos Bombeiros Volunt\u00e1rios de Guimar\u00e3es e a junta de freguesia de Polvoreira. A Direc\u00e7\u00e3o, Comando e Corpo Activo de Bombeiros, n\u00e3o pode deixar de endere\u00e7ar os maiores agradecimentos ao Presidente Carlos Oliveira e<\/p>\n","protected":false},"author":25,"featured_media":0,"comment_status":"open","ping_status":"closed","sticky":false,"template":"","format":"standard","meta":{"ngg_post_thumbnail":0,"footnotes":""},"categories":[1],"tags":[],"class_list":["post-8192","post","type-post","status-publish","format-standard","hentry","category-destaques"],"_links":{"self":[{"href":"https:\/\/www.bv-guimaraes.org\/site\/wp-json\/wp\/v2\/posts\/8192","targetHints":{"allow":["GET"]}}],"collection":[{"href":"https:\/\/www.bv-guimaraes.org\/site\/wp-json\/wp\/v2\/posts"}],"about":[{"href":"https:\/\/www.bv-guimaraes.org\/site\/wp-json\/wp\/v2\/types\/post"}],"author":[{"embeddable":true,"href":"https:\/\/www.bv-guimaraes.org\/site\/wp-json\/wp\/v2\/users\/25"}],"replies":[{"embeddable":true,"href":"https:\/\/www.bv-guimaraes.org\/site\/wp-json\/wp\/v2\/comments?post=8192"}],"version-history":[{"count":4,"href":"https:\/\/www.bv-guimaraes.org\/site\/wp-json\/wp\/v2\/posts\/8192\/revisions"}],"predecessor-version":[{"id":8198,"href":"https:\/\/www.bv-guimaraes.org\/site\/wp-json\/wp\/v2\/posts\/8192\/revisions\/8198"}],"wp:attachment":[{"href":"https:\/\/www.bv-guimaraes.org\/site\/wp-json\/wp\/v2\/media?parent=8192"}],"wp:term":[{"taxonomy":"category","embeddable":true,"href":"https:\/\/www.bv-guimaraes.org\/site\/wp-json\/wp\/v2\/categories?post=8192"},{"taxonomy":"post_tag","embeddable":true,"href":"https:\/\/www.bv-guimaraes.org\/site\/wp-json\/wp\/v2\/tags?post=8192"}],"curies":[{"name":"wp","href":"https:\/\/api.w.org\/{rel}","templated":true}]}}