{"id":8209,"date":"2019-02-27T08:38:50","date_gmt":"2019-02-27T08:38:50","guid":{"rendered":"http:\/\/www.bv-guimaraes.org\/site\/?p=8209"},"modified":"2019-12-03T17:19:50","modified_gmt":"2019-12-03T17:19:50","slug":"bombeirinhos-2019","status":"publish","type":"post","link":"https:\/\/www.bv-guimaraes.org\/site\/bombeirinhos-2019\/","title":{"rendered":"Bombeirinhos 2019"},"content":{"rendered":"<p>No \u00e2mbito das comemora\u00e7\u00f5es do 142\u00ba anivers\u00e1rio dos Bombeiros Volunt\u00e1rios de Guimar\u00e3es, ir\u00e1 realizar-se o 11\u00ba Curso de Bombeirinhos no dia 16 de Mar\u00e7o de 2019 pelas 13h30 no nosso quartel. Este Curso \u00e9 um conv\u00edvio pedag\u00f3gico destinado \u00e0s crian\u00e7as pertencentes ao nosso concelho, e tem como objectivo principal proporcionar a oportunidade de conhecerem mais de perto o modo de atua\u00e7\u00e3o dos Bombeiros. Ir\u00e3o ser feitas demostra\u00e7\u00f5es pr\u00e1ticas dos seguintes temas: ordem unida, chamada de socorro, suporte b\u00e1sico de vida, t\u00e9cnicas de socorrismo, e combate a inc\u00eandios.<br \/>\nPara tal, convidam-se as crian\u00e7as com idades compreendidas entre os 7 e os 11 anos de idade e interessadas em serem bombeiro(a) por uma tarde. Inscri\u00e7\u00f5es abertas a partir do n\u00ba 253 515 444. Aten\u00e7\u00e3o: INSCRI\u00c7\u00d5ES LIMITADAS<\/p>\n<p><img loading=\"lazy\" decoding=\"async\" class=\"alignright size-full wp-image-8210\" src=\"http:\/\/www.bv-guimaraes.org\/site\/wp-content\/uploads\/cartaz-bombeirinhos-1.jpg\" alt=\"\" width=\"960\" height=\"698\" srcset=\"https:\/\/www.bv-guimaraes.org\/site\/wp-content\/uploads\/cartaz-bombeirinhos-1.jpg 960w, https:\/\/www.bv-guimaraes.org\/site\/wp-content\/uploads\/cartaz-bombeirinhos-1-300x218.jpg 300w, https:\/\/www.bv-guimaraes.org\/site\/wp-content\/uploads\/cartaz-bombeirinhos-1-768x558.jpg 768w\" sizes=\"auto, (max-width: 960px) 100vw, 960px\" \/><\/p>\n","protected":false},"excerpt":{"rendered":"<p>No \u00e2mbito das comemora\u00e7\u00f5es do 142\u00ba anivers\u00e1rio dos Bombeiros Volunt\u00e1rios de Guimar\u00e3es, ir\u00e1 realizar-se o 11\u00ba Curso de Bombeirinhos no dia 16 de Mar\u00e7o de 2019 pelas 13h30 no nosso quartel. Este Curso \u00e9 um conv\u00edvio pedag\u00f3gico destinado \u00e0s crian\u00e7as<\/p>\n","protected":false},"author":25,"featured_media":0,"comment_status":"closed","ping_status":"closed","sticky":false,"template":"","format":"standard","meta":{"ngg_post_thumbnail":0,"footnotes":""},"categories":[1],"tags":[],"class_list":["post-8209","post","type-post","status-publish","format-standard","hentry","category-destaques"],"_links":{"self":[{"href":"https:\/\/www.bv-guimaraes.org\/site\/wp-json\/wp\/v2\/posts\/8209","targetHints":{"allow":["GET"]}}],"collection":[{"href":"https:\/\/www.bv-guimaraes.org\/site\/wp-json\/wp\/v2\/posts"}],"about":[{"href":"https:\/\/www.bv-guimaraes.org\/site\/wp-json\/wp\/v2\/types\/post"}],"author":[{"embeddable":true,"href":"https:\/\/www.bv-guimaraes.org\/site\/wp-json\/wp\/v2\/users\/25"}],"replies":[{"embeddable":true,"href":"https:\/\/www.bv-guimaraes.org\/site\/wp-json\/wp\/v2\/comments?post=8209"}],"version-history":[{"count":3,"href":"https:\/\/www.bv-guimaraes.org\/site\/wp-json\/wp\/v2\/posts\/8209\/revisions"}],"predecessor-version":[{"id":8314,"href":"https:\/\/www.bv-guimaraes.org\/site\/wp-json\/wp\/v2\/posts\/8209\/revisions\/8314"}],"wp:attachment":[{"href":"https:\/\/www.bv-guimaraes.org\/site\/wp-json\/wp\/v2\/media?parent=8209"}],"wp:term":[{"taxonomy":"category","embeddable":true,"href":"https:\/\/www.bv-guimaraes.org\/site\/wp-json\/wp\/v2\/categories?post=8209"},{"taxonomy":"post_tag","embeddable":true,"href":"https:\/\/www.bv-guimaraes.org\/site\/wp-json\/wp\/v2\/tags?post=8209"}],"curies":[{"name":"wp","href":"https:\/\/api.w.org\/{rel}","templated":true}]}}