{"id":8730,"date":"2025-10-16T23:45:35","date_gmt":"2025-10-16T22:45:35","guid":{"rendered":"https:\/\/www.bv-guimaraes.org\/site\/?p=8730"},"modified":"2025-10-16T23:45:35","modified_gmt":"2025-10-16T22:45:35","slug":"concurso-interno-e-externo-de-bombeiro-a-profissional","status":"publish","type":"post","link":"https:\/\/www.bv-guimaraes.org\/site\/concurso-interno-e-externo-de-bombeiro-a-profissional\/","title":{"rendered":"Concurso Interno e Externo de Bombeiro\/a Profissional"},"content":{"rendered":"<div class=\"xdj266r x14z9mp xat24cr x1lziwak x1vvkbs x126k92a\">\n<div dir=\"auto\"><img loading=\"lazy\" decoding=\"async\" class=\"alignnone size-large wp-image-8731\" src=\"https:\/\/www.bv-guimaraes.org\/site\/wp-content\/uploads\/1920X1080-1024x576.jpg\" alt=\"\" width=\"720\" height=\"405\" srcset=\"https:\/\/www.bv-guimaraes.org\/site\/wp-content\/uploads\/1920X1080-scaled.jpg 1024w, https:\/\/www.bv-guimaraes.org\/site\/wp-content\/uploads\/1920X1080-300x169.jpg 300w, https:\/\/www.bv-guimaraes.org\/site\/wp-content\/uploads\/1920X1080-768x432.jpg 768w, https:\/\/www.bv-guimaraes.org\/site\/wp-content\/uploads\/1920X1080-1536x864.jpg 1536w, https:\/\/www.bv-guimaraes.org\/site\/wp-content\/uploads\/1920X1080-2048x1152.jpg 2048w\" sizes=\"auto, (max-width: 720px) 100vw, 720px\" \/><\/div>\n<div dir=\"auto\"><\/div>\n<div dir=\"auto\">Est\u00e3o abertas as inscri\u00e7\u00f5es para o Concurso Interno e Externo de Bombeiro\/a Profissional \u2014 ma oportunidade de crescimento e evolu\u00e7\u00e3o na carreira. <span class=\"html-span xexx8yu xyri2b x18d9i69 x1c1uobl x1hl2dhg x16tdsg8 x1vvkbs x3nfvp2 x1j61x8r x1fcty0u xdj266r xat24cr xm2jcoa x1mpyi22 xxymvpz xlup9mm x1kky2od\"><img loading=\"lazy\" decoding=\"async\" class=\"xz74otr x15mokao x1ga7v0g x16uus16 xbiv7yw\" src=\"https:\/\/static.xx.fbcdn.net\/images\/emoji.php\/v9\/t67\/1\/16\/1f692.png\" alt=\"\ud83d\ude92\" width=\"16\" height=\"16\" \/><\/span><\/div>\n<\/div>\n<div class=\"x14z9mp xat24cr x1lziwak x1vvkbs xtlvy1s x126k92a\">\n<div dir=\"auto\"><\/div>\n<div dir=\"auto\">As candidaturas decorrem at\u00e9 \u00e0s 19h do dia 20 de outubro de 2025.<\/div>\n<\/div>\n<div class=\"x14z9mp xat24cr x1lziwak x1vvkbs xtlvy1s x126k92a\">\n<div dir=\"auto\"><\/div>\n<div dir=\"auto\"><span class=\"html-span xexx8yu xyri2b x18d9i69 x1c1uobl x1hl2dhg x16tdsg8 x1vvkbs x3nfvp2 x1j61x8r x1fcty0u xdj266r xat24cr xm2jcoa x1mpyi22 xxymvpz xlup9mm x1kky2od\"><img loading=\"lazy\" decoding=\"async\" class=\"xz74otr x15mokao x1ga7v0g x16uus16 xbiv7yw\" src=\"https:\/\/static.xx.fbcdn.net\/images\/emoji.php\/v9\/t4d\/1\/16\/1f4de.png\" alt=\"\ud83d\udcde\" width=\"16\" height=\"16\" \/><\/span> 918 739 609<\/div>\n<div dir=\"auto\"><span class=\"html-span xexx8yu xyri2b x18d9i69 x1c1uobl x1hl2dhg x16tdsg8 x1vvkbs x3nfvp2 x1j61x8r x1fcty0u xdj266r xat24cr xm2jcoa x1mpyi22 xxymvpz xlup9mm x1kky2od\"><img loading=\"lazy\" decoding=\"async\" class=\"xz74otr x15mokao x1ga7v0g x16uus16 xbiv7yw\" src=\"https:\/\/static.xx.fbcdn.net\/images\/emoji.php\/v9\/tc0\/1\/16\/1f4e9.png\" alt=\"\ud83d\udce9\" width=\"16\" height=\"16\" \/><\/span> comando@bv-guimaraes.org<\/div>\n<\/div>\n<div class=\"x14z9mp xat24cr x1lziwak x1vvkbs xtlvy1s x126k92a\">\n<div dir=\"auto\"><\/div>\n<\/div>\n","protected":false},"excerpt":{"rendered":"<p>Est\u00e3o abertas as inscri\u00e7\u00f5es para o Concurso Interno e Externo de Bombeiro\/a Profissional \u2014 ma oportunidade de crescimento e evolu\u00e7\u00e3o na carreira. As candidaturas decorrem at\u00e9 \u00e0s 19h do dia 20 de outubro de 2025. 918 739 609 comando@bv-guimaraes.org<\/p>\n","protected":false},"author":2,"featured_media":0,"comment_status":"closed","ping_status":"closed","sticky":false,"template":"","format":"standard","meta":{"ngg_post_thumbnail":0,"footnotes":""},"categories":[1],"tags":[],"class_list":["post-8730","post","type-post","status-publish","format-standard","hentry","category-destaques"],"_links":{"self":[{"href":"https:\/\/www.bv-guimaraes.org\/site\/wp-json\/wp\/v2\/posts\/8730","targetHints":{"allow":["GET"]}}],"collection":[{"href":"https:\/\/www.bv-guimaraes.org\/site\/wp-json\/wp\/v2\/posts"}],"about":[{"href":"https:\/\/www.bv-guimaraes.org\/site\/wp-json\/wp\/v2\/types\/post"}],"author":[{"embeddable":true,"href":"https:\/\/www.bv-guimaraes.org\/site\/wp-json\/wp\/v2\/users\/2"}],"replies":[{"embeddable":true,"href":"https:\/\/www.bv-guimaraes.org\/site\/wp-json\/wp\/v2\/comments?post=8730"}],"version-history":[{"count":2,"href":"https:\/\/www.bv-guimaraes.org\/site\/wp-json\/wp\/v2\/posts\/8730\/revisions"}],"predecessor-version":[{"id":8733,"href":"https:\/\/www.bv-guimaraes.org\/site\/wp-json\/wp\/v2\/posts\/8730\/revisions\/8733"}],"wp:attachment":[{"href":"https:\/\/www.bv-guimaraes.org\/site\/wp-json\/wp\/v2\/media?parent=8730"}],"wp:term":[{"taxonomy":"category","embeddable":true,"href":"https:\/\/www.bv-guimaraes.org\/site\/wp-json\/wp\/v2\/categories?post=8730"},{"taxonomy":"post_tag","embeddable":true,"href":"https:\/\/www.bv-guimaraes.org\/site\/wp-json\/wp\/v2\/tags?post=8730"}],"curies":[{"name":"wp","href":"https:\/\/api.w.org\/{rel}","templated":true}]}}