{"id":8742,"date":"2025-12-09T23:13:31","date_gmt":"2025-12-09T23:13:31","guid":{"rendered":"https:\/\/www.bv-guimaraes.org\/site\/?p=8742"},"modified":"2025-12-09T23:21:08","modified_gmt":"2025-12-09T23:21:08","slug":"chama-do-futuro-%f0%9f%94%a5%e2%9c%a8","status":"publish","type":"post","link":"https:\/\/www.bv-guimaraes.org\/site\/chama-do-futuro-%f0%9f%94%a5%e2%9c%a8\/","title":{"rendered":"Chama do Futuro \ud83d\udd25\u2728"},"content":{"rendered":"<div class=\"xdj266r x14z9mp xat24cr x1lziwak x1vvkbs x126k92a\">\n<div dir=\"auto\"><\/div>\n<div dir=\"auto\">No pr\u00f3ximo 13 de dezembro, \u00e0s 14h00, o nosso quartel abre portas para um momento muito especial \u2014 um dia onde celebramos o presente e acendemos, juntos, a chama do futuro.<\/div>\n<p dir=\"auto\">Ser\u00e1 uma tarde marcada por compromisso, orgulho e novos come\u00e7os, com:<\/p>\n<\/div>\n<div class=\"x14z9mp xat24cr x1lziwak x1vvkbs xtlvy1s x126k92a\">\n<div dir=\"auto\">\u2022 Inaugura\u00e7\u00e3o de uma nova ambul\u00e2ncia<\/div>\n<div dir=\"auto\">\u2022 Apresenta\u00e7\u00e3o do Curso Profissional de Bombeiro<\/div>\n<div dir=\"auto\">\u2022 Juramento de Bandeira dos novos bombeiros<\/div>\n<div dir=\"auto\">\u2022 Apresenta\u00e7\u00e3o do Projeto de Infantes e Cadetes<\/div>\n<p dir=\"auto\">Um programa que re\u00fane simbolismo, dedica\u00e7\u00e3o e esperan\u00e7a \u2014 e que refor\u00e7a o caminho que estamos a construir para servir ainda melhor a nossa comunidade.<\/p>\n<\/div>\n<div class=\"x14z9mp xat24cr x1lziwak x1vvkbs xtlvy1s x126k92a\">\n<p dir=\"auto\">\n<\/div>\n<p><img loading=\"lazy\" decoding=\"async\" class=\"alignnone size-large wp-image-8743\" src=\"https:\/\/www.bv-guimaraes.org\/site\/wp-content\/uploads\/cartaz-1-724x1024.jpg\" alt=\"\" width=\"720\" height=\"1018\" srcset=\"https:\/\/www.bv-guimaraes.org\/site\/wp-content\/uploads\/cartaz-1-scaled.jpg 724w, https:\/\/www.bv-guimaraes.org\/site\/wp-content\/uploads\/cartaz-1-212x300.jpg 212w, https:\/\/www.bv-guimaraes.org\/site\/wp-content\/uploads\/cartaz-1-768x1086.jpg 768w, https:\/\/www.bv-guimaraes.org\/site\/wp-content\/uploads\/cartaz-1-1086x1536.jpg 1086w, https:\/\/www.bv-guimaraes.org\/site\/wp-content\/uploads\/cartaz-1-1448x2048.jpg 1448w\" sizes=\"auto, (max-width: 720px) 100vw, 720px\" \/><\/p>\n","protected":false},"excerpt":{"rendered":"<p>No pr\u00f3ximo 13 de dezembro, \u00e0s 14h00, o nosso quartel abre portas para um momento muito especial \u2014 um dia onde celebramos o presente e acendemos, juntos, a chama do futuro. Ser\u00e1 uma tarde marcada por compromisso, orgulho e novos<\/p>\n","protected":false},"author":2,"featured_media":0,"comment_status":"closed","ping_status":"closed","sticky":false,"template":"","format":"standard","meta":{"ngg_post_thumbnail":0,"footnotes":""},"categories":[1],"tags":[],"class_list":["post-8742","post","type-post","status-publish","format-standard","hentry","category-destaques"],"_links":{"self":[{"href":"https:\/\/www.bv-guimaraes.org\/site\/wp-json\/wp\/v2\/posts\/8742","targetHints":{"allow":["GET"]}}],"collection":[{"href":"https:\/\/www.bv-guimaraes.org\/site\/wp-json\/wp\/v2\/posts"}],"about":[{"href":"https:\/\/www.bv-guimaraes.org\/site\/wp-json\/wp\/v2\/types\/post"}],"author":[{"embeddable":true,"href":"https:\/\/www.bv-guimaraes.org\/site\/wp-json\/wp\/v2\/users\/2"}],"replies":[{"embeddable":true,"href":"https:\/\/www.bv-guimaraes.org\/site\/wp-json\/wp\/v2\/comments?post=8742"}],"version-history":[{"count":6,"href":"https:\/\/www.bv-guimaraes.org\/site\/wp-json\/wp\/v2\/posts\/8742\/revisions"}],"predecessor-version":[{"id":8749,"href":"https:\/\/www.bv-guimaraes.org\/site\/wp-json\/wp\/v2\/posts\/8742\/revisions\/8749"}],"wp:attachment":[{"href":"https:\/\/www.bv-guimaraes.org\/site\/wp-json\/wp\/v2\/media?parent=8742"}],"wp:term":[{"taxonomy":"category","embeddable":true,"href":"https:\/\/www.bv-guimaraes.org\/site\/wp-json\/wp\/v2\/categories?post=8742"},{"taxonomy":"post_tag","embeddable":true,"href":"https:\/\/www.bv-guimaraes.org\/site\/wp-json\/wp\/v2\/tags?post=8742"}],"curies":[{"name":"wp","href":"https:\/\/api.w.org\/{rel}","templated":true}]}}